{"id":8465,"date":"2023-11-13T11:48:26","date_gmt":"2023-11-13T10:48:26","guid":{"rendered":"https:\/\/idis.conselldeivissa.es\/?p=8465"},"modified":"2025-10-02T11:18:33","modified_gmt":"2025-10-02T09:18:33","slug":"la-llar-eivissa-acoge-unas-charlas-sobre-habitos-de-vida-saludables-para-la-tercera-edad","status":"publish","type":"post","link":"https:\/\/idis.conselldeivissa.es\/es\/salud\/la-llar-eivissa-acoge-unas-charlas-sobre-habitos-de-vida-saludables-para-la-tercera-edad\/","title":{"rendered":"La Llar Eivissa acoge unas charlas sobre &#8216;h\u00e1bitos de vida saludables&#8217; para la tercera edad"},"content":{"rendered":"[vc_row type=\u00bbin_container\u00bb full_screen_row_position=\u00bbmiddle\u00bb column_margin=\u00bbdefault\u00bb column_direction=\u00bbdefault\u00bb column_direction_tablet=\u00bbdefault\u00bb column_direction_phone=\u00bbdefault\u00bb scene_position=\u00bbcenter\u00bb text_color=\u00bbdark\u00bb text_align=\u00bbleft\u00bb row_border_radius=\u00bbnone\u00bb row_border_radius_applies=\u00bbbg\u00bb overlay_strength=\u00bb0.3&#8243; gradient_direction=\u00bbleft_to_right\u00bb shape_divider_position=\u00bbbottom\u00bb bg_image_animation=\u00bbnone\u00bb][vc_column column_padding=\u00bbno-extra-padding\u00bb column_padding_tablet=\u00bbinherit\u00bb column_padding_phone=\u00bbinherit\u00bb column_padding_position=\u00bball\u00bb column_element_spacing=\u00bbdefault\u00bb background_color_opacity=\u00bb1&#8243; background_hover_color_opacity=\u00bb1&#8243; column_shadow=\u00bbnone\u00bb column_border_radius=\u00bbnone\u00bb column_link_target=\u00bb_self\u00bb gradient_direction=\u00bbleft_to_right\u00bb overlay_strength=\u00bb0.3&#8243; width=\u00bb1\/1&#8243; tablet_width_inherit=\u00bbdefault\u00bb tablet_text_alignment=\u00bbdefault\u00bb phone_text_alignment=\u00bbdefault\u00bb bg_image_animation=\u00bbnone\u00bb border_type=\u00bbsimple\u00bb column_border_width=\u00bbnone\u00bb column_border_style=\u00bbsolid\u00bb][vc_column_text css_animation=\u00bbfadeIn\u00bb]Hoy han arrancado unas jornadas sobre &#8216;H\u00e1bitos de vida saludables&#8217; en el Hogar Ibiza para la tercera edad donde se han abordado y abordar\u00e1n, a trav\u00e9s de varias charlas, distintos asuntos que preocupan a los m\u00e1s mayores en relaci\u00f3n a la salud. Estas jornadas, impulsadas por el departamento de Bienestar Social del Consell Insular de Eivissa, contar\u00e1n con una charla-coloquio cada d\u00eda, de la mano de expertos del mundo de la salud, hasta el pr\u00f3ximo viernes 17 de noviembre.[\/vc_column_text][vc_column_text css_animation=\u00bbfadeIn\u00bb]As\u00ed, el primer coloquio ha tenido lugar hoy a las 10.00 de la ma\u00f1ana bajo el t\u00edtulo <em>Los Servicios Sanitarios P\u00fablicos Pitiusos<\/em> y sus buenos pacientes y ha sido impartido por el Doctor Enrique Garcer\u00e1n, gerente del \u00c1rea de Salud de Eivissa y Formentera . Garcer\u00e1n ha informado al p\u00fablico asistente sobre c\u00f3mo es la mejor manera de usar los servicios sanitarios, y c\u00f3mo diferenciar, por ejemplo, cu\u00e1ndo se trata de una urgencia y cu\u00e1ndo no. En este primer encuentro, el Doctor ha aclarado que \u201cno se trata de que los pacientes no hagan caso o lo hagan mal uso, es que est\u00e1n mal informados. Es nuestro trabajo que los pacientes sepan d\u00f3nde acudir dependiendo del problema de salud al que se enfrenten\u201d.[\/vc_column_text][vc_column_text css_animation=\u00bbfadeIn\u00bb]Todas las charlas empezar\u00e1n a las 10.00 de la ma\u00f1ana en este centro p\u00fablico abierto para personas mayores y dependiente del Consell d&#8217;Eivissa. De esta forma, la siguiente charla tendr\u00e1 lugar ma\u00f1ana 14 de noviembre, versar\u00e1 sobre la <em>Diabetes<\/em> y correr\u00e1 a cargo del Doctor Jos\u00e9 Mar\u00eda Tugu\u00e9s. El mi\u00e9rcoles 15 de noviembre se celebra la tercera jornada sobre<em> Tratamiento y prevenci\u00f3n del pie diab\u00e9tico<\/em> y ser\u00e1 impartida por la pod\u00f3loga Nuria Planells Villanova.[\/vc_column_text][vc_column_text css_animation=\u00bbfadeIn\u00bb]La pen\u00faltima charla, el jueves 16 de noviembre, servir\u00e1 para dar a conocer c\u00f3mo se lleva a cabo la <em>Reanimaci\u00f3n Cardiopulmonar (RCP)<\/em> y el uso del <em>Desfibrilador Semiautom\u00e1tico (DSA)<\/em> y ser\u00e1 de la mano del Equipo de Enfermer\u00eda del Centro de Salud de Can Misses.<\/p>\n<p>Por \u00faltimo, \u00bftendr\u00e1 lugar un coloquio bajo la denominaci\u00f3n <em>Alimentarse o nutrirse?<\/em> y ser\u00e1 dado por la nutricionista Irati Matas Tur.[\/vc_column_text][\/vc_column][\/vc_row]\n","protected":false},"excerpt":{"rendered":"<p>[vc_row type=\u00bbin_container\u00bb full_screen_row_position=\u00bbmiddle\u00bb column_margin=\u00bbdefault\u00bb column_direction=\u00bbdefault\u00bb column_direction_tablet=\u00bbdefault\u00bb column_direction_phone=\u00bbdefault\u00bb scene_position=\u00bbcenter\u00bb text_color=\u00bbdark\u00bb text_align=\u00bbleft\u00bb row_border_radius=\u00bbnone\u00bb row_border_radius_applies=\u00bbbg\u00bb overlay_strength=\u00bb0.3&#8243; gradient_direction=\u00bbleft_to_right\u00bb shape_divider_position=\u00bbbottom\u00bb bg_image_animation=\u00bbnone\u00bb][vc_column column_padding=\u00bbno-extra-padding\u00bb column_padding_tablet=\u00bbinherit\u00bb column_padding_phone=\u00bbinherit\u00bb column_padding_position=\u00bball\u00bb column_element_spacing=\u00bbdefault\u00bb background_color_opacity=\u00bb1&#8243; background_hover_color_opacity=\u00bb1&#8243; column_shadow=\u00bbnone\u00bb column_border_radius=\u00bbnone\u00bb column_link_target=\u00bb_self\u00bb gradient_direction=\u00bbleft_to_right\u00bb overlay_strength=\u00bb0.3&#8243; width=\u00bb1\/1&#8243; tablet_width_inherit=\u00bbdefault\u00bb&#8230;<\/p>\n","protected":false},"author":4,"featured_media":8461,"comment_status":"closed","ping_status":"open","sticky":false,"template":"","format":"standard","meta":{"footnotes":""},"categories":[36],"tags":[],"class_list":{"0":"post-8465","1":"post","2":"type-post","3":"status-publish","4":"format-standard","5":"has-post-thumbnail","7":"category-salud"},"yoast_head":"<!-- This site is optimized with the Yoast SEO plugin v18.4.1 - https:\/\/yoast.com\/wordpress\/plugins\/seo\/ -->\n<title>La Llar Eivissa acoge unas charlas sobre &#039;h\u00e1bitos de vida saludables&#039; para la tercera edad - IDIS. Igualdad, Diversidad, Inclusi\u00f3n y Salud<\/title>\n<meta name=\"robots\" content=\"index, follow, max-snippet:-1, max-image-preview:large, max-video-preview:-1\" \/>\n<link rel=\"canonical\" href=\"https:\/\/idis.conselldeivissa.es\/es\/salud\/la-llar-eivissa-acoge-unas-charlas-sobre-habitos-de-vida-saludables-para-la-tercera-edad\/\" \/>\n<meta property=\"og:locale\" content=\"es_ES\" \/>\n<meta property=\"og:type\" content=\"article\" \/>\n<meta property=\"og:title\" content=\"La Llar Eivissa acoge unas charlas sobre &#039;h\u00e1bitos de vida saludables&#039; para la tercera edad - IDIS. Igualdad, Diversidad, Inclusi\u00f3n y Salud\" \/>\n<meta property=\"og:description\" content=\"[vc_row type=\u00bbin_container\u00bb full_screen_row_position=\u00bbmiddle\u00bb column_margin=\u00bbdefault\u00bb column_direction=\u00bbdefault\u00bb column_direction_tablet=\u00bbdefault\u00bb column_direction_phone=\u00bbdefault\u00bb scene_position=\u00bbcenter\u00bb text_color=\u00bbdark\u00bb text_align=\u00bbleft\u00bb row_border_radius=\u00bbnone\u00bb row_border_radius_applies=\u00bbbg\u00bb overlay_strength=\u00bb0.3&#8243; gradient_direction=\u00bbleft_to_right\u00bb shape_divider_position=\u00bbbottom\u00bb bg_image_animation=\u00bbnone\u00bb][vc_column column_padding=\u00bbno-extra-padding\u00bb column_padding_tablet=\u00bbinherit\u00bb column_padding_phone=\u00bbinherit\u00bb column_padding_position=\u00bball\u00bb column_element_spacing=\u00bbdefault\u00bb background_color_opacity=\u00bb1&#8243; background_hover_color_opacity=\u00bb1&#8243; column_shadow=\u00bbnone\u00bb column_border_radius=\u00bbnone\u00bb column_link_target=\u00bb_self\u00bb gradient_direction=\u00bbleft_to_right\u00bb overlay_strength=\u00bb0.3&#8243; width=\u00bb1\/1&#8243; tablet_width_inherit=\u00bbdefault\u00bb...\" \/>\n<meta property=\"og:url\" content=\"https:\/\/idis.conselldeivissa.es\/es\/salud\/la-llar-eivissa-acoge-unas-charlas-sobre-habitos-de-vida-saludables-para-la-tercera-edad\/\" \/>\n<meta property=\"og:site_name\" content=\"IDIS. Igualdad, Diversidad, Inclusi\u00f3n y Salud\" \/>\n<meta property=\"article:published_time\" content=\"2023-11-13T10:48:26+00:00\" \/>\n<meta property=\"article:modified_time\" content=\"2025-10-02T09:18:33+00:00\" \/>\n<meta property=\"og:image\" content=\"https:\/\/idis.conselldeivissa.es\/wp-content\/uploads\/2023\/11\/Habitos-de-vida-saludables-IDIS.jpg\" \/>\n\t<meta property=\"og:image:width\" content=\"900\" \/>\n\t<meta property=\"og:image:height\" content=\"600\" \/>\n\t<meta property=\"og:image:type\" content=\"image\/jpeg\" \/>\n<meta name=\"twitter:card\" content=\"summary_large_image\" \/>\n<meta name=\"twitter:label1\" content=\"Escrito por\" \/>\n\t<meta name=\"twitter:data1\" content=\"Lina Maciezaite\" \/>\n\t<meta name=\"twitter:label2\" content=\"Tiempo de lectura\" \/>\n\t<meta name=\"twitter:data2\" content=\"3 minutos\" \/>\n<script type=\"application\/ld+json\" class=\"yoast-schema-graph\">{\"@context\":\"https:\/\/schema.org\",\"@graph\":[{\"@type\":\"WebSite\",\"@id\":\"https:\/\/idis.conselldeivissa.es\/#website\",\"url\":\"https:\/\/idis.conselldeivissa.es\/\",\"name\":\"IDIS. Igualdad, Diversidad, Inclusi\u00f3n y Salud\",\"description\":\"Consell Insular d&#039;Eivissa\",\"potentialAction\":[{\"@type\":\"SearchAction\",\"target\":{\"@type\":\"EntryPoint\",\"urlTemplate\":\"https:\/\/idis.conselldeivissa.es\/?s={search_term_string}\"},\"query-input\":\"required name=search_term_string\"}],\"inLanguage\":\"es\"},{\"@type\":\"ImageObject\",\"@id\":\"https:\/\/idis.conselldeivissa.es\/es\/salud\/la-llar-eivissa-acoge-unas-charlas-sobre-habitos-de-vida-saludables-para-la-tercera-edad\/#primaryimage\",\"inLanguage\":\"es\",\"url\":\"https:\/\/idis.conselldeivissa.es\/wp-content\/uploads\/2023\/11\/Habitos-de-vida-saludables-IDIS.jpg\",\"contentUrl\":\"https:\/\/idis.conselldeivissa.es\/wp-content\/uploads\/2023\/11\/Habitos-de-vida-saludables-IDIS.jpg\",\"width\":900,\"height\":600,\"caption\":\"H\u00e1bitos de vida saludables IDIS\"},{\"@type\":\"WebPage\",\"@id\":\"https:\/\/idis.conselldeivissa.es\/es\/salud\/la-llar-eivissa-acoge-unas-charlas-sobre-habitos-de-vida-saludables-para-la-tercera-edad\/#webpage\",\"url\":\"https:\/\/idis.conselldeivissa.es\/es\/salud\/la-llar-eivissa-acoge-unas-charlas-sobre-habitos-de-vida-saludables-para-la-tercera-edad\/\",\"name\":\"La Llar Eivissa acoge unas charlas sobre 'h\u00e1bitos de vida saludables' para la tercera edad - IDIS. Igualdad, Diversidad, Inclusi\u00f3n y Salud\",\"isPartOf\":{\"@id\":\"https:\/\/idis.conselldeivissa.es\/#website\"},\"primaryImageOfPage\":{\"@id\":\"https:\/\/idis.conselldeivissa.es\/es\/salud\/la-llar-eivissa-acoge-unas-charlas-sobre-habitos-de-vida-saludables-para-la-tercera-edad\/#primaryimage\"},\"datePublished\":\"2023-11-13T10:48:26+00:00\",\"dateModified\":\"2025-10-02T09:18:33+00:00\",\"author\":{\"@id\":\"https:\/\/idis.conselldeivissa.es\/#\/schema\/person\/d16c448b992ce2d593d45facc3f843f5\"},\"breadcrumb\":{\"@id\":\"https:\/\/idis.conselldeivissa.es\/es\/salud\/la-llar-eivissa-acoge-unas-charlas-sobre-habitos-de-vida-saludables-para-la-tercera-edad\/#breadcrumb\"},\"inLanguage\":\"es\",\"potentialAction\":[{\"@type\":\"ReadAction\",\"target\":[\"https:\/\/idis.conselldeivissa.es\/es\/salud\/la-llar-eivissa-acoge-unas-charlas-sobre-habitos-de-vida-saludables-para-la-tercera-edad\/\"]}]},{\"@type\":\"BreadcrumbList\",\"@id\":\"https:\/\/idis.conselldeivissa.es\/es\/salud\/la-llar-eivissa-acoge-unas-charlas-sobre-habitos-de-vida-saludables-para-la-tercera-edad\/#breadcrumb\",\"itemListElement\":[{\"@type\":\"ListItem\",\"position\":1,\"name\":\"Inici\",\"item\":\"https:\/\/idis.conselldeivissa.es\/es\/\"},{\"@type\":\"ListItem\",\"position\":2,\"name\":\"La Llar Eivissa acoge unas charlas sobre &#8216;h\u00e1bitos de vida saludables&#8217; para la tercera edad\"}]},{\"@type\":\"Person\",\"@id\":\"https:\/\/idis.conselldeivissa.es\/#\/schema\/person\/d16c448b992ce2d593d45facc3f843f5\",\"name\":\"Lina Maciezaite\",\"image\":{\"@type\":\"ImageObject\",\"@id\":\"https:\/\/idis.conselldeivissa.es\/#personlogo\",\"inLanguage\":\"es\",\"url\":\"https:\/\/secure.gravatar.com\/avatar\/d39b5599926c63a1326b8bf3173f006d43817057d7bbbd00a7074d5c0fd06690?s=96&d=mm&r=g\",\"contentUrl\":\"https:\/\/secure.gravatar.com\/avatar\/d39b5599926c63a1326b8bf3173f006d43817057d7bbbd00a7074d5c0fd06690?s=96&d=mm&r=g\",\"caption\":\"Lina Maciezaite\"},\"url\":\"https:\/\/idis.conselldeivissa.es\/es\/author\/lina\/\"}]}<\/script>\n<!-- \/ Yoast SEO plugin. -->","yoast_head_json":{"title":"La Llar Eivissa acoge unas charlas sobre 'h\u00e1bitos de vida saludables' para la tercera edad - IDIS. Igualdad, Diversidad, Inclusi\u00f3n y Salud","robots":{"index":"index","follow":"follow","max-snippet":"max-snippet:-1","max-image-preview":"max-image-preview:large","max-video-preview":"max-video-preview:-1"},"canonical":"https:\/\/idis.conselldeivissa.es\/es\/salud\/la-llar-eivissa-acoge-unas-charlas-sobre-habitos-de-vida-saludables-para-la-tercera-edad\/","og_locale":"es_ES","og_type":"article","og_title":"La Llar Eivissa acoge unas charlas sobre 'h\u00e1bitos de vida saludables' para la tercera edad - IDIS. Igualdad, Diversidad, Inclusi\u00f3n y Salud","og_description":"[vc_row type=\u00bbin_container\u00bb full_screen_row_position=\u00bbmiddle\u00bb column_margin=\u00bbdefault\u00bb column_direction=\u00bbdefault\u00bb column_direction_tablet=\u00bbdefault\u00bb column_direction_phone=\u00bbdefault\u00bb scene_position=\u00bbcenter\u00bb text_color=\u00bbdark\u00bb text_align=\u00bbleft\u00bb row_border_radius=\u00bbnone\u00bb row_border_radius_applies=\u00bbbg\u00bb overlay_strength=\u00bb0.3&#8243; gradient_direction=\u00bbleft_to_right\u00bb shape_divider_position=\u00bbbottom\u00bb bg_image_animation=\u00bbnone\u00bb][vc_column column_padding=\u00bbno-extra-padding\u00bb column_padding_tablet=\u00bbinherit\u00bb column_padding_phone=\u00bbinherit\u00bb column_padding_position=\u00bball\u00bb column_element_spacing=\u00bbdefault\u00bb background_color_opacity=\u00bb1&#8243; background_hover_color_opacity=\u00bb1&#8243; column_shadow=\u00bbnone\u00bb column_border_radius=\u00bbnone\u00bb column_link_target=\u00bb_self\u00bb gradient_direction=\u00bbleft_to_right\u00bb overlay_strength=\u00bb0.3&#8243; width=\u00bb1\/1&#8243; tablet_width_inherit=\u00bbdefault\u00bb...","og_url":"https:\/\/idis.conselldeivissa.es\/es\/salud\/la-llar-eivissa-acoge-unas-charlas-sobre-habitos-de-vida-saludables-para-la-tercera-edad\/","og_site_name":"IDIS. Igualdad, Diversidad, Inclusi\u00f3n y Salud","article_published_time":"2023-11-13T10:48:26+00:00","article_modified_time":"2025-10-02T09:18:33+00:00","og_image":[{"width":900,"height":600,"url":"https:\/\/idis.conselldeivissa.es\/wp-content\/uploads\/2023\/11\/Habitos-de-vida-saludables-IDIS.jpg","type":"image\/jpeg"}],"twitter_card":"summary_large_image","twitter_misc":{"Escrito por":"Lina Maciezaite","Tiempo de lectura":"3 minutos"},"schema":{"@context":"https:\/\/schema.org","@graph":[{"@type":"WebSite","@id":"https:\/\/idis.conselldeivissa.es\/#website","url":"https:\/\/idis.conselldeivissa.es\/","name":"IDIS. Igualdad, Diversidad, Inclusi\u00f3n y Salud","description":"Consell Insular d&#039;Eivissa","potentialAction":[{"@type":"SearchAction","target":{"@type":"EntryPoint","urlTemplate":"https:\/\/idis.conselldeivissa.es\/?s={search_term_string}"},"query-input":"required name=search_term_string"}],"inLanguage":"es"},{"@type":"ImageObject","@id":"https:\/\/idis.conselldeivissa.es\/es\/salud\/la-llar-eivissa-acoge-unas-charlas-sobre-habitos-de-vida-saludables-para-la-tercera-edad\/#primaryimage","inLanguage":"es","url":"https:\/\/idis.conselldeivissa.es\/wp-content\/uploads\/2023\/11\/Habitos-de-vida-saludables-IDIS.jpg","contentUrl":"https:\/\/idis.conselldeivissa.es\/wp-content\/uploads\/2023\/11\/Habitos-de-vida-saludables-IDIS.jpg","width":900,"height":600,"caption":"H\u00e1bitos de vida saludables IDIS"},{"@type":"WebPage","@id":"https:\/\/idis.conselldeivissa.es\/es\/salud\/la-llar-eivissa-acoge-unas-charlas-sobre-habitos-de-vida-saludables-para-la-tercera-edad\/#webpage","url":"https:\/\/idis.conselldeivissa.es\/es\/salud\/la-llar-eivissa-acoge-unas-charlas-sobre-habitos-de-vida-saludables-para-la-tercera-edad\/","name":"La Llar Eivissa acoge unas charlas sobre 'h\u00e1bitos de vida saludables' para la tercera edad - IDIS. Igualdad, Diversidad, Inclusi\u00f3n y Salud","isPartOf":{"@id":"https:\/\/idis.conselldeivissa.es\/#website"},"primaryImageOfPage":{"@id":"https:\/\/idis.conselldeivissa.es\/es\/salud\/la-llar-eivissa-acoge-unas-charlas-sobre-habitos-de-vida-saludables-para-la-tercera-edad\/#primaryimage"},"datePublished":"2023-11-13T10:48:26+00:00","dateModified":"2025-10-02T09:18:33+00:00","author":{"@id":"https:\/\/idis.conselldeivissa.es\/#\/schema\/person\/d16c448b992ce2d593d45facc3f843f5"},"breadcrumb":{"@id":"https:\/\/idis.conselldeivissa.es\/es\/salud\/la-llar-eivissa-acoge-unas-charlas-sobre-habitos-de-vida-saludables-para-la-tercera-edad\/#breadcrumb"},"inLanguage":"es","potentialAction":[{"@type":"ReadAction","target":["https:\/\/idis.conselldeivissa.es\/es\/salud\/la-llar-eivissa-acoge-unas-charlas-sobre-habitos-de-vida-saludables-para-la-tercera-edad\/"]}]},{"@type":"BreadcrumbList","@id":"https:\/\/idis.conselldeivissa.es\/es\/salud\/la-llar-eivissa-acoge-unas-charlas-sobre-habitos-de-vida-saludables-para-la-tercera-edad\/#breadcrumb","itemListElement":[{"@type":"ListItem","position":1,"name":"Inici","item":"https:\/\/idis.conselldeivissa.es\/es\/"},{"@type":"ListItem","position":2,"name":"La Llar Eivissa acoge unas charlas sobre &#8216;h\u00e1bitos de vida saludables&#8217; para la tercera edad"}]},{"@type":"Person","@id":"https:\/\/idis.conselldeivissa.es\/#\/schema\/person\/d16c448b992ce2d593d45facc3f843f5","name":"Lina Maciezaite","image":{"@type":"ImageObject","@id":"https:\/\/idis.conselldeivissa.es\/#personlogo","inLanguage":"es","url":"https:\/\/secure.gravatar.com\/avatar\/d39b5599926c63a1326b8bf3173f006d43817057d7bbbd00a7074d5c0fd06690?s=96&d=mm&r=g","contentUrl":"https:\/\/secure.gravatar.com\/avatar\/d39b5599926c63a1326b8bf3173f006d43817057d7bbbd00a7074d5c0fd06690?s=96&d=mm&r=g","caption":"Lina Maciezaite"},"url":"https:\/\/idis.conselldeivissa.es\/es\/author\/lina\/"}]}},"acf":[],"_links":{"self":[{"href":"https:\/\/idis.conselldeivissa.es\/es\/wp-json\/wp\/v2\/posts\/8465","targetHints":{"allow":["GET"]}}],"collection":[{"href":"https:\/\/idis.conselldeivissa.es\/es\/wp-json\/wp\/v2\/posts"}],"about":[{"href":"https:\/\/idis.conselldeivissa.es\/es\/wp-json\/wp\/v2\/types\/post"}],"author":[{"embeddable":true,"href":"https:\/\/idis.conselldeivissa.es\/es\/wp-json\/wp\/v2\/users\/4"}],"replies":[{"embeddable":true,"href":"https:\/\/idis.conselldeivissa.es\/es\/wp-json\/wp\/v2\/comments?post=8465"}],"version-history":[{"count":1,"href":"https:\/\/idis.conselldeivissa.es\/es\/wp-json\/wp\/v2\/posts\/8465\/revisions"}],"predecessor-version":[{"id":8466,"href":"https:\/\/idis.conselldeivissa.es\/es\/wp-json\/wp\/v2\/posts\/8465\/revisions\/8466"}],"wp:featuredmedia":[{"embeddable":true,"href":"https:\/\/idis.conselldeivissa.es\/es\/wp-json\/wp\/v2\/media\/8461"}],"wp:attachment":[{"href":"https:\/\/idis.conselldeivissa.es\/es\/wp-json\/wp\/v2\/media?parent=8465"}],"wp:term":[{"taxonomy":"category","embeddable":true,"href":"https:\/\/idis.conselldeivissa.es\/es\/wp-json\/wp\/v2\/categories?post=8465"},{"taxonomy":"post_tag","embeddable":true,"href":"https:\/\/idis.conselldeivissa.es\/es\/wp-json\/wp\/v2\/tags?post=8465"}],"curies":[{"name":"wp","href":"https:\/\/api.w.org\/{rel}","templated":true}]}}