{"id":7153,"date":"2023-03-14T10:40:51","date_gmt":"2023-03-14T09:40:51","guid":{"rendered":"https:\/\/idis.conselldeivissa.es\/?p=7153"},"modified":"2025-10-02T11:18:33","modified_gmt":"2025-10-02T09:18:33","slug":"el-consell-insular-de-eivissa-aif-aspanadif-apfem-pimeef-fehif-y-fundacion-mapfre-comprometidos-con-la-integracion-sociolaboral","status":"publish","type":"post","link":"https:\/\/idis.conselldeivissa.es\/es\/inclusio-es\/el-consell-insular-de-eivissa-aif-aspanadif-apfem-pimeef-fehif-y-fundacion-mapfre-comprometidos-con-la-integracion-sociolaboral\/","title":{"rendered":"El Consell Insular de Eivissa, AIF, ASPANADIF, APFEM, PIMEEF, FEHIF y Fundaci\u00f3n Mapfre comprometidos con la integraci\u00f3n sociolaboral"},"content":{"rendered":"[vc_row type=\u00bbin_container\u00bb full_screen_row_position=\u00bbmiddle\u00bb column_margin=\u00bbdefault\u00bb column_direction=\u00bbdefault\u00bb column_direction_tablet=\u00bbdefault\u00bb column_direction_phone=\u00bbdefault\u00bb scene_position=\u00bbcenter\u00bb text_color=\u00bbdark\u00bb text_align=\u00bbleft\u00bb row_border_radius=\u00bbnone\u00bb row_border_radius_applies=\u00bbbg\u00bb overlay_strength=\u00bb0.3&#8243; gradient_direction=\u00bbleft_to_right\u00bb shape_divider_position=\u00bbbottom\u00bb bg_image_animation=\u00bbnone\u00bb][vc_column column_padding=\u00bbno-extra-padding\u00bb column_padding_tablet=\u00bbinherit\u00bb column_padding_phone=\u00bbinherit\u00bb column_padding_position=\u00bball\u00bb column_element_spacing=\u00bbdefault\u00bb background_color_opacity=\u00bb1&#8243; background_hover_color_opacity=\u00bb1&#8243; column_shadow=\u00bbnone\u00bb column_border_radius=\u00bbnone\u00bb column_link_target=\u00bb_self\u00bb gradient_direction=\u00bbleft_to_right\u00bb overlay_strength=\u00bb0.3&#8243; width=\u00bb1\/1&#8243; tablet_width_inherit=\u00bbdefault\u00bb tablet_text_alignment=\u00bbdefault\u00bb phone_text_alignment=\u00bbdefault\u00bb bg_image_animation=\u00bbnone\u00bb border_type=\u00bbsimple\u00bb column_border_width=\u00bbnone\u00bb column_border_style=\u00bbsolid\u00bb][vc_column_text css_animation=\u00bbfadeIn\u00bb]Carolina Escandell, Consejera de Bienestar Social y Recursos Humanos del Consejo Insular de Eivissa; Alberto Pedro Corbella, miembro de la junta de la Asociaci\u00f3n de Asperger Eivissa y Formentera, Jos\u00e9 Luis Jofre, presidente de ASPANADIF, Antonella Greco, coordinadora de APFEM, Ana Gordillo, presidenta de FEHIF, Alfonso Rojo, presidente de PIMEEF; y Eduardo Miquel, representante de Fundaci\u00f3n MAPFRE en la isla, han firmado un acuerdo de colaboraci\u00f3n para dinamizar el Proyecto Juntos Somos Capaces- Juntos Lo Podemos Hacer de Fundaci\u00f3n MAPFRE, que apoya a personas con discapacidad intelectual, con problemas de salud mental o neurodivergentes y fomenta su integraci\u00f3n sociolaboral.[\/vc_column_text][vc_column_text css_animation=\u00bbfadeIn\u00bb]Escandell ha agradecido la colaboraci\u00f3n de la Fundaci\u00f3n MAPFRE por contribuir a que estas personas acaben con las barreras que todav\u00eda les impiden ser m\u00e1s independientes y felices, \u201cbarreras, ha indicado, que no tienen que ver con la falta de capacidad laboral o profesional, sino con la carencia de confianza y apoyo de la sociedad\u201d. \u00abEn el Servicio de Asesoramiento e Inserci\u00f3n Laboral de personas con discapacidad del Consell de Eivissa, formamos j\u00f3venes para que puedan conseguir una oportunidad laboral y mostrar sus talentos\u00bb.[\/vc_column_text][vc_column_text css_animation=\u00bbfadeIn\u00bb]Eduardo Miquel, ha reconocido al Consell su \u00abcompromiso\u00bb con la plena integraci\u00f3n de las personas con m\u00e1s necesidades y el \u00abapoyo\u00bb a la formaci\u00f3n y al futuro profesional de estas personas. Tambi\u00e9n ha se\u00f1alado la importancia de este tipo de iniciativas, que \u00abcontribuyen al bienestar ya la igualdad de oportunidades de las personas que lo tienen m\u00e1s dif\u00edcil\u00bb.<\/p>\n<p>ASPANADIF, AIF y APFEM llevan a cabo distintos programas de rehabilitaci\u00f3n psicosocial, apoyo y apoyo a la comunidad con el objetivo de conseguir la integraci\u00f3n social, y la autonom\u00eda laboral y personal de las personas con discapacidad o neurodivergentes.[\/vc_column_text][vc_column_text css_animation=\u00bbfadeIn\u00bb]Ana Gordillo, presidenta de la Federaci\u00f3n Empresarial Hotelera de Eivissa y Formentera ha destacado que \u201cla integraci\u00f3n laboral de las personas con discapacidad es una de las muchas medidas de responsabilidad social empresarial que, adem\u00e1s del fin social, da valor para las empresas\u201d .<\/p>\n<p>Alfonso Rojo, presidente de la Peque\u00f1a y Mediana Empresa de Eivissa y Formentera, ha afirmado que \u00abest\u00e1n orgullosos de apostar por las personas con ganas de trabajar, sin distinguir su condici\u00f3n\u00bb. \u00abEn PIMEEF, trabajamos para que todo el mundo, independientemente de sus capacidades diversas, pueda desarrollar un proyecto de vida pleno\u00bb.[\/vc_column_text][vc_column_text css_animation=\u00bbfadeIn\u00bb]El programa Junts Som Capaces, colabora directamente con entidades sociales, instituciones p\u00fablicas y asociaciones empresariales, para conseguir la integraci\u00f3n sociolaboral y la normalizaci\u00f3n de las personas con diversidad funcional. Actualmente, en Espa\u00f1a, m\u00e1s de 6.700 empresas colaboran activamente con este programa, que ha facilitado una oportunidad en el mercado laboral a m\u00e1s de 5.500 personas con discapacidad intelectual y problemas de salud mental.[\/vc_column_text][\/vc_column][\/vc_row]\n","protected":false},"excerpt":{"rendered":"<p>[vc_row type=\u00bbin_container\u00bb full_screen_row_position=\u00bbmiddle\u00bb column_margin=\u00bbdefault\u00bb column_direction=\u00bbdefault\u00bb column_direction_tablet=\u00bbdefault\u00bb column_direction_phone=\u00bbdefault\u00bb scene_position=\u00bbcenter\u00bb text_color=\u00bbdark\u00bb text_align=\u00bbleft\u00bb row_border_radius=\u00bbnone\u00bb row_border_radius_applies=\u00bbbg\u00bb overlay_strength=\u00bb0.3&#8243; gradient_direction=\u00bbleft_to_right\u00bb shape_divider_position=\u00bbbottom\u00bb bg_image_animation=\u00bbnone\u00bb][vc_column column_padding=\u00bbno-extra-padding\u00bb column_padding_tablet=\u00bbinherit\u00bb column_padding_phone=\u00bbinherit\u00bb column_padding_position=\u00bball\u00bb column_element_spacing=\u00bbdefault\u00bb background_color_opacity=\u00bb1&#8243; background_hover_color_opacity=\u00bb1&#8243; column_shadow=\u00bbnone\u00bb column_border_radius=\u00bbnone\u00bb column_link_target=\u00bb_self\u00bb gradient_direction=\u00bbleft_to_right\u00bb overlay_strength=\u00bb0.3&#8243; width=\u00bb1\/1&#8243; tablet_width_inherit=\u00bbdefault\u00bb&#8230;<\/p>\n","protected":false},"author":4,"featured_media":7151,"comment_status":"closed","ping_status":"open","sticky":false,"template":"","format":"standard","meta":{"footnotes":""},"categories":[32],"tags":[],"class_list":{"0":"post-7153","1":"post","2":"type-post","3":"status-publish","4":"format-standard","5":"has-post-thumbnail","7":"category-inclusio-es"},"yoast_head":"<!-- This site is optimized with the Yoast SEO plugin v18.4.1 - https:\/\/yoast.com\/wordpress\/plugins\/seo\/ -->\n<title>El Consell Insular de Eivissa, AIF, ASPANADIF, APFEM, PIMEEF, FEHIF y Fundaci\u00f3n Mapfre comprometidos con la integraci\u00f3n sociolaboral - IDIS. Igualdad, Diversidad, Inclusi\u00f3n y Salud<\/title>\n<meta name=\"robots\" content=\"index, follow, max-snippet:-1, max-image-preview:large, max-video-preview:-1\" \/>\n<link rel=\"canonical\" href=\"https:\/\/idis.conselldeivissa.es\/es\/inclusio-es\/el-consell-insular-de-eivissa-aif-aspanadif-apfem-pimeef-fehif-y-fundacion-mapfre-comprometidos-con-la-integracion-sociolaboral\/\" \/>\n<meta property=\"og:locale\" content=\"es_ES\" \/>\n<meta property=\"og:type\" content=\"article\" \/>\n<meta property=\"og:title\" content=\"El Consell Insular de Eivissa, AIF, ASPANADIF, APFEM, PIMEEF, FEHIF y Fundaci\u00f3n Mapfre comprometidos con la integraci\u00f3n sociolaboral - IDIS. Igualdad, Diversidad, Inclusi\u00f3n y Salud\" \/>\n<meta property=\"og:description\" content=\"[vc_row type=\u00bbin_container\u00bb full_screen_row_position=\u00bbmiddle\u00bb column_margin=\u00bbdefault\u00bb column_direction=\u00bbdefault\u00bb column_direction_tablet=\u00bbdefault\u00bb column_direction_phone=\u00bbdefault\u00bb scene_position=\u00bbcenter\u00bb text_color=\u00bbdark\u00bb text_align=\u00bbleft\u00bb row_border_radius=\u00bbnone\u00bb row_border_radius_applies=\u00bbbg\u00bb overlay_strength=\u00bb0.3&#8243; gradient_direction=\u00bbleft_to_right\u00bb shape_divider_position=\u00bbbottom\u00bb bg_image_animation=\u00bbnone\u00bb][vc_column column_padding=\u00bbno-extra-padding\u00bb column_padding_tablet=\u00bbinherit\u00bb column_padding_phone=\u00bbinherit\u00bb column_padding_position=\u00bball\u00bb column_element_spacing=\u00bbdefault\u00bb background_color_opacity=\u00bb1&#8243; background_hover_color_opacity=\u00bb1&#8243; column_shadow=\u00bbnone\u00bb column_border_radius=\u00bbnone\u00bb column_link_target=\u00bb_self\u00bb gradient_direction=\u00bbleft_to_right\u00bb overlay_strength=\u00bb0.3&#8243; width=\u00bb1\/1&#8243; tablet_width_inherit=\u00bbdefault\u00bb...\" \/>\n<meta property=\"og:url\" content=\"https:\/\/idis.conselldeivissa.es\/es\/inclusio-es\/el-consell-insular-de-eivissa-aif-aspanadif-apfem-pimeef-fehif-y-fundacion-mapfre-comprometidos-con-la-integracion-sociolaboral\/\" \/>\n<meta property=\"og:site_name\" content=\"IDIS. Igualdad, Diversidad, Inclusi\u00f3n y Salud\" \/>\n<meta property=\"article:published_time\" content=\"2023-03-14T09:40:51+00:00\" \/>\n<meta property=\"article:modified_time\" content=\"2025-10-02T09:18:33+00:00\" \/>\n<meta property=\"og:image\" content=\"https:\/\/idis.conselldeivissa.es\/wp-content\/uploads\/2023\/05\/integracion-sociolaboral-IDIS.jpg\" \/>\n\t<meta property=\"og:image:width\" content=\"900\" \/>\n\t<meta property=\"og:image:height\" content=\"595\" \/>\n\t<meta property=\"og:image:type\" content=\"image\/jpeg\" \/>\n<meta name=\"twitter:card\" content=\"summary_large_image\" \/>\n<meta name=\"twitter:label1\" content=\"Escrito por\" \/>\n\t<meta name=\"twitter:data1\" content=\"Lina Maciezaite\" \/>\n\t<meta name=\"twitter:label2\" content=\"Tiempo de lectura\" \/>\n\t<meta name=\"twitter:data2\" content=\"3 minutos\" \/>\n<script type=\"application\/ld+json\" class=\"yoast-schema-graph\">{\"@context\":\"https:\/\/schema.org\",\"@graph\":[{\"@type\":\"WebSite\",\"@id\":\"https:\/\/idis.conselldeivissa.es\/#website\",\"url\":\"https:\/\/idis.conselldeivissa.es\/\",\"name\":\"IDIS. Igualdad, Diversidad, Inclusi\u00f3n y Salud\",\"description\":\"Consell Insular d&#039;Eivissa\",\"potentialAction\":[{\"@type\":\"SearchAction\",\"target\":{\"@type\":\"EntryPoint\",\"urlTemplate\":\"https:\/\/idis.conselldeivissa.es\/?s={search_term_string}\"},\"query-input\":\"required name=search_term_string\"}],\"inLanguage\":\"es\"},{\"@type\":\"ImageObject\",\"@id\":\"https:\/\/idis.conselldeivissa.es\/es\/inclusio-es\/el-consell-insular-de-eivissa-aif-aspanadif-apfem-pimeef-fehif-y-fundacion-mapfre-comprometidos-con-la-integracion-sociolaboral\/#primaryimage\",\"inLanguage\":\"es\",\"url\":\"https:\/\/idis.conselldeivissa.es\/wp-content\/uploads\/2023\/05\/integracion-sociolaboral-IDIS.jpg\",\"contentUrl\":\"https:\/\/idis.conselldeivissa.es\/wp-content\/uploads\/2023\/05\/integracion-sociolaboral-IDIS.jpg\",\"width\":900,\"height\":595},{\"@type\":\"WebPage\",\"@id\":\"https:\/\/idis.conselldeivissa.es\/es\/inclusio-es\/el-consell-insular-de-eivissa-aif-aspanadif-apfem-pimeef-fehif-y-fundacion-mapfre-comprometidos-con-la-integracion-sociolaboral\/#webpage\",\"url\":\"https:\/\/idis.conselldeivissa.es\/es\/inclusio-es\/el-consell-insular-de-eivissa-aif-aspanadif-apfem-pimeef-fehif-y-fundacion-mapfre-comprometidos-con-la-integracion-sociolaboral\/\",\"name\":\"El Consell Insular de Eivissa, AIF, ASPANADIF, APFEM, PIMEEF, FEHIF y Fundaci\u00f3n Mapfre comprometidos con la integraci\u00f3n sociolaboral - IDIS. Igualdad, Diversidad, Inclusi\u00f3n y Salud\",\"isPartOf\":{\"@id\":\"https:\/\/idis.conselldeivissa.es\/#website\"},\"primaryImageOfPage\":{\"@id\":\"https:\/\/idis.conselldeivissa.es\/es\/inclusio-es\/el-consell-insular-de-eivissa-aif-aspanadif-apfem-pimeef-fehif-y-fundacion-mapfre-comprometidos-con-la-integracion-sociolaboral\/#primaryimage\"},\"datePublished\":\"2023-03-14T09:40:51+00:00\",\"dateModified\":\"2025-10-02T09:18:33+00:00\",\"author\":{\"@id\":\"https:\/\/idis.conselldeivissa.es\/#\/schema\/person\/d16c448b992ce2d593d45facc3f843f5\"},\"breadcrumb\":{\"@id\":\"https:\/\/idis.conselldeivissa.es\/es\/inclusio-es\/el-consell-insular-de-eivissa-aif-aspanadif-apfem-pimeef-fehif-y-fundacion-mapfre-comprometidos-con-la-integracion-sociolaboral\/#breadcrumb\"},\"inLanguage\":\"es\",\"potentialAction\":[{\"@type\":\"ReadAction\",\"target\":[\"https:\/\/idis.conselldeivissa.es\/es\/inclusio-es\/el-consell-insular-de-eivissa-aif-aspanadif-apfem-pimeef-fehif-y-fundacion-mapfre-comprometidos-con-la-integracion-sociolaboral\/\"]}]},{\"@type\":\"BreadcrumbList\",\"@id\":\"https:\/\/idis.conselldeivissa.es\/es\/inclusio-es\/el-consell-insular-de-eivissa-aif-aspanadif-apfem-pimeef-fehif-y-fundacion-mapfre-comprometidos-con-la-integracion-sociolaboral\/#breadcrumb\",\"itemListElement\":[{\"@type\":\"ListItem\",\"position\":1,\"name\":\"Inici\",\"item\":\"https:\/\/idis.conselldeivissa.es\/es\/\"},{\"@type\":\"ListItem\",\"position\":2,\"name\":\"El Consell Insular de Eivissa, AIF, ASPANADIF, APFEM, PIMEEF, FEHIF y Fundaci\u00f3n Mapfre comprometidos con la integraci\u00f3n sociolaboral\"}]},{\"@type\":\"Person\",\"@id\":\"https:\/\/idis.conselldeivissa.es\/#\/schema\/person\/d16c448b992ce2d593d45facc3f843f5\",\"name\":\"Lina Maciezaite\",\"image\":{\"@type\":\"ImageObject\",\"@id\":\"https:\/\/idis.conselldeivissa.es\/#personlogo\",\"inLanguage\":\"es\",\"url\":\"https:\/\/secure.gravatar.com\/avatar\/d39b5599926c63a1326b8bf3173f006d43817057d7bbbd00a7074d5c0fd06690?s=96&d=mm&r=g\",\"contentUrl\":\"https:\/\/secure.gravatar.com\/avatar\/d39b5599926c63a1326b8bf3173f006d43817057d7bbbd00a7074d5c0fd06690?s=96&d=mm&r=g\",\"caption\":\"Lina Maciezaite\"},\"url\":\"https:\/\/idis.conselldeivissa.es\/es\/author\/lina\/\"}]}<\/script>\n<!-- \/ Yoast SEO plugin. -->","yoast_head_json":{"title":"El Consell Insular de Eivissa, AIF, ASPANADIF, APFEM, PIMEEF, FEHIF y Fundaci\u00f3n Mapfre comprometidos con la integraci\u00f3n sociolaboral - IDIS. Igualdad, Diversidad, Inclusi\u00f3n y Salud","robots":{"index":"index","follow":"follow","max-snippet":"max-snippet:-1","max-image-preview":"max-image-preview:large","max-video-preview":"max-video-preview:-1"},"canonical":"https:\/\/idis.conselldeivissa.es\/es\/inclusio-es\/el-consell-insular-de-eivissa-aif-aspanadif-apfem-pimeef-fehif-y-fundacion-mapfre-comprometidos-con-la-integracion-sociolaboral\/","og_locale":"es_ES","og_type":"article","og_title":"El Consell Insular de Eivissa, AIF, ASPANADIF, APFEM, PIMEEF, FEHIF y Fundaci\u00f3n Mapfre comprometidos con la integraci\u00f3n sociolaboral - IDIS. Igualdad, Diversidad, Inclusi\u00f3n y Salud","og_description":"[vc_row type=\u00bbin_container\u00bb full_screen_row_position=\u00bbmiddle\u00bb column_margin=\u00bbdefault\u00bb column_direction=\u00bbdefault\u00bb column_direction_tablet=\u00bbdefault\u00bb column_direction_phone=\u00bbdefault\u00bb scene_position=\u00bbcenter\u00bb text_color=\u00bbdark\u00bb text_align=\u00bbleft\u00bb row_border_radius=\u00bbnone\u00bb row_border_radius_applies=\u00bbbg\u00bb overlay_strength=\u00bb0.3&#8243; gradient_direction=\u00bbleft_to_right\u00bb shape_divider_position=\u00bbbottom\u00bb bg_image_animation=\u00bbnone\u00bb][vc_column column_padding=\u00bbno-extra-padding\u00bb column_padding_tablet=\u00bbinherit\u00bb column_padding_phone=\u00bbinherit\u00bb column_padding_position=\u00bball\u00bb column_element_spacing=\u00bbdefault\u00bb background_color_opacity=\u00bb1&#8243; background_hover_color_opacity=\u00bb1&#8243; column_shadow=\u00bbnone\u00bb column_border_radius=\u00bbnone\u00bb column_link_target=\u00bb_self\u00bb gradient_direction=\u00bbleft_to_right\u00bb overlay_strength=\u00bb0.3&#8243; width=\u00bb1\/1&#8243; tablet_width_inherit=\u00bbdefault\u00bb...","og_url":"https:\/\/idis.conselldeivissa.es\/es\/inclusio-es\/el-consell-insular-de-eivissa-aif-aspanadif-apfem-pimeef-fehif-y-fundacion-mapfre-comprometidos-con-la-integracion-sociolaboral\/","og_site_name":"IDIS. Igualdad, Diversidad, Inclusi\u00f3n y Salud","article_published_time":"2023-03-14T09:40:51+00:00","article_modified_time":"2025-10-02T09:18:33+00:00","og_image":[{"width":900,"height":595,"url":"https:\/\/idis.conselldeivissa.es\/wp-content\/uploads\/2023\/05\/integracion-sociolaboral-IDIS.jpg","type":"image\/jpeg"}],"twitter_card":"summary_large_image","twitter_misc":{"Escrito por":"Lina Maciezaite","Tiempo de lectura":"3 minutos"},"schema":{"@context":"https:\/\/schema.org","@graph":[{"@type":"WebSite","@id":"https:\/\/idis.conselldeivissa.es\/#website","url":"https:\/\/idis.conselldeivissa.es\/","name":"IDIS. Igualdad, Diversidad, Inclusi\u00f3n y Salud","description":"Consell Insular d&#039;Eivissa","potentialAction":[{"@type":"SearchAction","target":{"@type":"EntryPoint","urlTemplate":"https:\/\/idis.conselldeivissa.es\/?s={search_term_string}"},"query-input":"required name=search_term_string"}],"inLanguage":"es"},{"@type":"ImageObject","@id":"https:\/\/idis.conselldeivissa.es\/es\/inclusio-es\/el-consell-insular-de-eivissa-aif-aspanadif-apfem-pimeef-fehif-y-fundacion-mapfre-comprometidos-con-la-integracion-sociolaboral\/#primaryimage","inLanguage":"es","url":"https:\/\/idis.conselldeivissa.es\/wp-content\/uploads\/2023\/05\/integracion-sociolaboral-IDIS.jpg","contentUrl":"https:\/\/idis.conselldeivissa.es\/wp-content\/uploads\/2023\/05\/integracion-sociolaboral-IDIS.jpg","width":900,"height":595},{"@type":"WebPage","@id":"https:\/\/idis.conselldeivissa.es\/es\/inclusio-es\/el-consell-insular-de-eivissa-aif-aspanadif-apfem-pimeef-fehif-y-fundacion-mapfre-comprometidos-con-la-integracion-sociolaboral\/#webpage","url":"https:\/\/idis.conselldeivissa.es\/es\/inclusio-es\/el-consell-insular-de-eivissa-aif-aspanadif-apfem-pimeef-fehif-y-fundacion-mapfre-comprometidos-con-la-integracion-sociolaboral\/","name":"El Consell Insular de Eivissa, AIF, ASPANADIF, APFEM, PIMEEF, FEHIF y Fundaci\u00f3n Mapfre comprometidos con la integraci\u00f3n sociolaboral - IDIS. Igualdad, Diversidad, Inclusi\u00f3n y Salud","isPartOf":{"@id":"https:\/\/idis.conselldeivissa.es\/#website"},"primaryImageOfPage":{"@id":"https:\/\/idis.conselldeivissa.es\/es\/inclusio-es\/el-consell-insular-de-eivissa-aif-aspanadif-apfem-pimeef-fehif-y-fundacion-mapfre-comprometidos-con-la-integracion-sociolaboral\/#primaryimage"},"datePublished":"2023-03-14T09:40:51+00:00","dateModified":"2025-10-02T09:18:33+00:00","author":{"@id":"https:\/\/idis.conselldeivissa.es\/#\/schema\/person\/d16c448b992ce2d593d45facc3f843f5"},"breadcrumb":{"@id":"https:\/\/idis.conselldeivissa.es\/es\/inclusio-es\/el-consell-insular-de-eivissa-aif-aspanadif-apfem-pimeef-fehif-y-fundacion-mapfre-comprometidos-con-la-integracion-sociolaboral\/#breadcrumb"},"inLanguage":"es","potentialAction":[{"@type":"ReadAction","target":["https:\/\/idis.conselldeivissa.es\/es\/inclusio-es\/el-consell-insular-de-eivissa-aif-aspanadif-apfem-pimeef-fehif-y-fundacion-mapfre-comprometidos-con-la-integracion-sociolaboral\/"]}]},{"@type":"BreadcrumbList","@id":"https:\/\/idis.conselldeivissa.es\/es\/inclusio-es\/el-consell-insular-de-eivissa-aif-aspanadif-apfem-pimeef-fehif-y-fundacion-mapfre-comprometidos-con-la-integracion-sociolaboral\/#breadcrumb","itemListElement":[{"@type":"ListItem","position":1,"name":"Inici","item":"https:\/\/idis.conselldeivissa.es\/es\/"},{"@type":"ListItem","position":2,"name":"El Consell Insular de Eivissa, AIF, ASPANADIF, APFEM, PIMEEF, FEHIF y Fundaci\u00f3n Mapfre comprometidos con la integraci\u00f3n sociolaboral"}]},{"@type":"Person","@id":"https:\/\/idis.conselldeivissa.es\/#\/schema\/person\/d16c448b992ce2d593d45facc3f843f5","name":"Lina Maciezaite","image":{"@type":"ImageObject","@id":"https:\/\/idis.conselldeivissa.es\/#personlogo","inLanguage":"es","url":"https:\/\/secure.gravatar.com\/avatar\/d39b5599926c63a1326b8bf3173f006d43817057d7bbbd00a7074d5c0fd06690?s=96&d=mm&r=g","contentUrl":"https:\/\/secure.gravatar.com\/avatar\/d39b5599926c63a1326b8bf3173f006d43817057d7bbbd00a7074d5c0fd06690?s=96&d=mm&r=g","caption":"Lina Maciezaite"},"url":"https:\/\/idis.conselldeivissa.es\/es\/author\/lina\/"}]}},"acf":[],"_links":{"self":[{"href":"https:\/\/idis.conselldeivissa.es\/es\/wp-json\/wp\/v2\/posts\/7153","targetHints":{"allow":["GET"]}}],"collection":[{"href":"https:\/\/idis.conselldeivissa.es\/es\/wp-json\/wp\/v2\/posts"}],"about":[{"href":"https:\/\/idis.conselldeivissa.es\/es\/wp-json\/wp\/v2\/types\/post"}],"author":[{"embeddable":true,"href":"https:\/\/idis.conselldeivissa.es\/es\/wp-json\/wp\/v2\/users\/4"}],"replies":[{"embeddable":true,"href":"https:\/\/idis.conselldeivissa.es\/es\/wp-json\/wp\/v2\/comments?post=7153"}],"version-history":[{"count":2,"href":"https:\/\/idis.conselldeivissa.es\/es\/wp-json\/wp\/v2\/posts\/7153\/revisions"}],"predecessor-version":[{"id":7156,"href":"https:\/\/idis.conselldeivissa.es\/es\/wp-json\/wp\/v2\/posts\/7153\/revisions\/7156"}],"wp:featuredmedia":[{"embeddable":true,"href":"https:\/\/idis.conselldeivissa.es\/es\/wp-json\/wp\/v2\/media\/7151"}],"wp:attachment":[{"href":"https:\/\/idis.conselldeivissa.es\/es\/wp-json\/wp\/v2\/media?parent=7153"}],"wp:term":[{"taxonomy":"category","embeddable":true,"href":"https:\/\/idis.conselldeivissa.es\/es\/wp-json\/wp\/v2\/categories?post=7153"},{"taxonomy":"post_tag","embeddable":true,"href":"https:\/\/idis.conselldeivissa.es\/es\/wp-json\/wp\/v2\/tags?post=7153"}],"curies":[{"name":"wp","href":"https:\/\/api.w.org\/{rel}","templated":true}]}}