{"id":7136,"date":"2023-02-01T10:11:10","date_gmt":"2023-02-01T09:11:10","guid":{"rendered":"https:\/\/idis.conselldeivissa.es\/?p=7136"},"modified":"2025-10-02T11:18:33","modified_gmt":"2025-10-02T09:18:33","slug":"el-consell-de-eivissa-dispone-de-un-nuevo-sistema-de-accesibilidad-auditiva-e-instala-bucles-magneticas-para-mejorar-la-comunicacion-con-las-personas-sordas","status":"publish","type":"post","link":"https:\/\/idis.conselldeivissa.es\/es\/inclusio-es\/el-consell-de-eivissa-dispone-de-un-nuevo-sistema-de-accesibilidad-auditiva-e-instala-bucles-magneticas-para-mejorar-la-comunicacion-con-las-personas-sordas\/","title":{"rendered":"El Consell de Eivissa dispone de un nuevo sistema de accesibilidad auditiva e instala bucles magn\u00e9ticas para mejorar la comunicaci\u00f3n con las personas sordas"},"content":{"rendered":"[vc_row type=\u00bbin_container\u00bb full_screen_row_position=\u00bbmiddle\u00bb column_margin=\u00bbdefault\u00bb column_direction=\u00bbdefault\u00bb column_direction_tablet=\u00bbdefault\u00bb column_direction_phone=\u00bbdefault\u00bb scene_position=\u00bbcenter\u00bb text_color=\u00bbdark\u00bb text_align=\u00bbleft\u00bb row_border_radius=\u00bbnone\u00bb row_border_radius_applies=\u00bbbg\u00bb overlay_strength=\u00bb0.3&#8243; gradient_direction=\u00bbleft_to_right\u00bb shape_divider_position=\u00bbbottom\u00bb bg_image_animation=\u00bbnone\u00bb][vc_column column_padding=\u00bbno-extra-padding\u00bb column_padding_tablet=\u00bbinherit\u00bb column_padding_phone=\u00bbinherit\u00bb column_padding_position=\u00bball\u00bb column_element_spacing=\u00bbdefault\u00bb background_color_opacity=\u00bb1&#8243; background_hover_color_opacity=\u00bb1&#8243; column_shadow=\u00bbnone\u00bb column_border_radius=\u00bbnone\u00bb column_link_target=\u00bb_self\u00bb gradient_direction=\u00bbleft_to_right\u00bb overlay_strength=\u00bb0.3&#8243; width=\u00bb1\/1&#8243; tablet_width_inherit=\u00bbdefault\u00bb tablet_text_alignment=\u00bbdefault\u00bb phone_text_alignment=\u00bbdefault\u00bb bg_image_animation=\u00bbnone\u00bb border_type=\u00bbsimple\u00bb column_border_width=\u00bbnone\u00bb column_border_style=\u00bbsolid\u00bb][vc_column_text css_animation=\u00bbfadeIn\u00bb]El Departamento de Participaci\u00f3n del Consell Insular de Eivissa ha dotado a la Oficina de Asistencia en Materia de Registro (OAMR) de un sistema de accesibilidad auditiva con el fin de mejorar la seguridad y la accesibilidad para las personas usuarias, especialmente por aquellas sordas o con p\u00e9rdida auditiva.[\/vc_column_text][vc_column_text css_animation=\u00bbfadeIn\u00bb]El vicepresidente segundo y consejero de Participaci\u00f3n del Consell Insular de Eivissa, Javier Torres, explica que, \u201ca trav\u00e9s de un sistema de inteligencia artificial (IA), este nuevo sistema permite recoger las alertas sonoras, que ser\u00e1n mostradas en forma de notificaciones visuales y sensoriales tanto en las luces del edificio, como en los tel\u00e9fonos inteligentes de las personas usuarias del OAMR que tengan la app pertinente instalada\u201d. Los sistemas de IA se han ubicado en lugares cercanos a la fuente de sonido y con la menor contaminaci\u00f3n ac\u00fastica posible.[\/vc_column_text][vc_column_text css_animation=\u00bbfadeIn\u00bb]Para mostrar las alertas en forma visual, tambi\u00e9n se han instalado luces de se\u00f1al\u00e9tica distribuidas, que funcionan como puntos de emergencia y muestran las alertas incluso si existe un corte de luz o ca\u00edda de Internet. Al lado de cada luz hay un panel informativo (infocard) para detallar el funcionamiento de la soluci\u00f3n, mostrar el c\u00f3digo de colores de las alertas e indicar al usuario c\u00f3mo suscribirse al edificio.[\/vc_column_text][vc_column_text css_animation=\u00bbfadeIn\u00bb]Se ha tenido especialmente en cuenta garantizar la accesibilidad en los ba\u00f1os, que suelen ser puntos ciegos de accesibilidad. Para ello, se ha decidido instalar un total de tres paneles con una bombilla wifi E-27 en cada uno de ellos. Estas luces pasar\u00e1n desapercibidas, pero en caso de emergencia o necesidad de notificaci\u00f3n, se iluminar\u00e1n del color determinado para ello.[\/vc_column_text][vc_column_text css_animation=\u00bbfadeIn\u00bb]<strong>Bucles magn\u00e9ticos<\/strong><\/p>\n<p>Adem\u00e1s, esta iniciativa en el OAMR se ha completado con la dotaci\u00f3n de bucles magn\u00e9ticos. El uso de dispositivos como los aud\u00edfonos e implantes cocleares supone una gran ayuda, pero resulta muchas veces insuficiente. El ruido de fondo o una mala ac\u00fastica en espacios abiertos al p\u00fablico dificultan la comprensi\u00f3n del mensaje a las personas con p\u00e9rdida auditiva en mayor medida que a las personas oyentes.[\/vc_column_text][vc_column_text css_animation=\u00bbfadeIn\u00bb]Por eso, el Departamento de Participaci\u00f3n del Consell Insular de Eivissa ha adquirido bucles magn\u00e9ticos, una iniciativa que propuso en un Pleno, a trav\u00e9s de una moci\u00f3n, el grupo en la oposici\u00f3n Unidas Podemos. Este sistema, situado entre las personas que conversan, recoge el sonido o conversaci\u00f3n a trav\u00e9s de un micr\u00f3fono integrado y lo transmite en forma de se\u00f1ales inductivas directamente a los aud\u00edfonos o implantes (posici\u00f3n T), evitando as\u00ed ruidos ambientales e interferencias, consiguiendo esta forma una comunicaci\u00f3n \u00f3ptima con la persona usuaria de aud\u00edfonos o implante coclear.<\/p>\n<p>La instalaci\u00f3n de todos los componentes, la integraci\u00f3n del software, la gesti\u00f3n y la licencia de uso durante cinco a\u00f1os tiene un coste de 13.802,47 euros.[\/vc_column_text][\/vc_column][\/vc_row]\n","protected":false},"excerpt":{"rendered":"<p>[vc_row type=\u00bbin_container\u00bb full_screen_row_position=\u00bbmiddle\u00bb column_margin=\u00bbdefault\u00bb column_direction=\u00bbdefault\u00bb column_direction_tablet=\u00bbdefault\u00bb column_direction_phone=\u00bbdefault\u00bb scene_position=\u00bbcenter\u00bb text_color=\u00bbdark\u00bb text_align=\u00bbleft\u00bb row_border_radius=\u00bbnone\u00bb row_border_radius_applies=\u00bbbg\u00bb overlay_strength=\u00bb0.3&#8243; gradient_direction=\u00bbleft_to_right\u00bb shape_divider_position=\u00bbbottom\u00bb bg_image_animation=\u00bbnone\u00bb][vc_column column_padding=\u00bbno-extra-padding\u00bb column_padding_tablet=\u00bbinherit\u00bb column_padding_phone=\u00bbinherit\u00bb column_padding_position=\u00bball\u00bb column_element_spacing=\u00bbdefault\u00bb background_color_opacity=\u00bb1&#8243; background_hover_color_opacity=\u00bb1&#8243; column_shadow=\u00bbnone\u00bb column_border_radius=\u00bbnone\u00bb column_link_target=\u00bb_self\u00bb gradient_direction=\u00bbleft_to_right\u00bb overlay_strength=\u00bb0.3&#8243; width=\u00bb1\/1&#8243; tablet_width_inherit=\u00bbdefault\u00bb&#8230;<\/p>\n","protected":false},"author":4,"featured_media":7134,"comment_status":"closed","ping_status":"open","sticky":false,"template":"","format":"standard","meta":{"footnotes":""},"categories":[32],"tags":[],"class_list":{"0":"post-7136","1":"post","2":"type-post","3":"status-publish","4":"format-standard","5":"has-post-thumbnail","7":"category-inclusio-es"},"yoast_head":"<!-- This site is optimized with the Yoast SEO plugin v18.4.1 - https:\/\/yoast.com\/wordpress\/plugins\/seo\/ -->\n<title>El Consell de Eivissa dispone de un nuevo sistema de accesibilidad auditiva e instala bucles magn\u00e9ticas para mejorar la comunicaci\u00f3n con las personas sordas - IDIS. Igualdad, Diversidad, Inclusi\u00f3n y Salud<\/title>\n<meta name=\"robots\" content=\"index, follow, max-snippet:-1, max-image-preview:large, max-video-preview:-1\" \/>\n<link rel=\"canonical\" href=\"https:\/\/idis.conselldeivissa.es\/es\/inclusio-es\/el-consell-de-eivissa-dispone-de-un-nuevo-sistema-de-accesibilidad-auditiva-e-instala-bucles-magneticas-para-mejorar-la-comunicacion-con-las-personas-sordas\/\" \/>\n<meta property=\"og:locale\" content=\"es_ES\" \/>\n<meta property=\"og:type\" content=\"article\" \/>\n<meta property=\"og:title\" content=\"El Consell de Eivissa dispone de un nuevo sistema de accesibilidad auditiva e instala bucles magn\u00e9ticas para mejorar la comunicaci\u00f3n con las personas sordas - IDIS. Igualdad, Diversidad, Inclusi\u00f3n y Salud\" \/>\n<meta property=\"og:description\" content=\"[vc_row type=\u00bbin_container\u00bb full_screen_row_position=\u00bbmiddle\u00bb column_margin=\u00bbdefault\u00bb column_direction=\u00bbdefault\u00bb column_direction_tablet=\u00bbdefault\u00bb column_direction_phone=\u00bbdefault\u00bb scene_position=\u00bbcenter\u00bb text_color=\u00bbdark\u00bb text_align=\u00bbleft\u00bb row_border_radius=\u00bbnone\u00bb row_border_radius_applies=\u00bbbg\u00bb overlay_strength=\u00bb0.3&#8243; gradient_direction=\u00bbleft_to_right\u00bb shape_divider_position=\u00bbbottom\u00bb bg_image_animation=\u00bbnone\u00bb][vc_column column_padding=\u00bbno-extra-padding\u00bb column_padding_tablet=\u00bbinherit\u00bb column_padding_phone=\u00bbinherit\u00bb column_padding_position=\u00bball\u00bb column_element_spacing=\u00bbdefault\u00bb background_color_opacity=\u00bb1&#8243; background_hover_color_opacity=\u00bb1&#8243; column_shadow=\u00bbnone\u00bb column_border_radius=\u00bbnone\u00bb column_link_target=\u00bb_self\u00bb gradient_direction=\u00bbleft_to_right\u00bb overlay_strength=\u00bb0.3&#8243; width=\u00bb1\/1&#8243; tablet_width_inherit=\u00bbdefault\u00bb...\" \/>\n<meta property=\"og:url\" content=\"https:\/\/idis.conselldeivissa.es\/es\/inclusio-es\/el-consell-de-eivissa-dispone-de-un-nuevo-sistema-de-accesibilidad-auditiva-e-instala-bucles-magneticas-para-mejorar-la-comunicacion-con-las-personas-sordas\/\" \/>\n<meta property=\"og:site_name\" content=\"IDIS. Igualdad, Diversidad, Inclusi\u00f3n y Salud\" \/>\n<meta property=\"article:published_time\" content=\"2023-02-01T09:11:10+00:00\" \/>\n<meta property=\"article:modified_time\" content=\"2025-10-02T09:18:33+00:00\" \/>\n<meta property=\"og:image\" content=\"https:\/\/idis.conselldeivissa.es\/wp-content\/uploads\/2023\/05\/sistema-de-accesibilidad-IDIS.jpg\" \/>\n\t<meta property=\"og:image:width\" content=\"900\" \/>\n\t<meta property=\"og:image:height\" content=\"600\" \/>\n\t<meta property=\"og:image:type\" content=\"image\/jpeg\" \/>\n<meta name=\"twitter:card\" content=\"summary_large_image\" \/>\n<meta name=\"twitter:label1\" content=\"Escrito por\" \/>\n\t<meta name=\"twitter:data1\" content=\"Lina Maciezaite\" \/>\n\t<meta name=\"twitter:label2\" content=\"Tiempo de lectura\" \/>\n\t<meta name=\"twitter:data2\" content=\"3 minutos\" \/>\n<script type=\"application\/ld+json\" class=\"yoast-schema-graph\">{\"@context\":\"https:\/\/schema.org\",\"@graph\":[{\"@type\":\"WebSite\",\"@id\":\"https:\/\/idis.conselldeivissa.es\/#website\",\"url\":\"https:\/\/idis.conselldeivissa.es\/\",\"name\":\"IDIS. Igualdad, Diversidad, Inclusi\u00f3n y Salud\",\"description\":\"Consell Insular d&#039;Eivissa\",\"potentialAction\":[{\"@type\":\"SearchAction\",\"target\":{\"@type\":\"EntryPoint\",\"urlTemplate\":\"https:\/\/idis.conselldeivissa.es\/?s={search_term_string}\"},\"query-input\":\"required name=search_term_string\"}],\"inLanguage\":\"es\"},{\"@type\":\"ImageObject\",\"@id\":\"https:\/\/idis.conselldeivissa.es\/es\/inclusio-es\/el-consell-de-eivissa-dispone-de-un-nuevo-sistema-de-accesibilidad-auditiva-e-instala-bucles-magneticas-para-mejorar-la-comunicacion-con-las-personas-sordas\/#primaryimage\",\"inLanguage\":\"es\",\"url\":\"https:\/\/idis.conselldeivissa.es\/wp-content\/uploads\/2023\/05\/sistema-de-accesibilidad-IDIS.jpg\",\"contentUrl\":\"https:\/\/idis.conselldeivissa.es\/wp-content\/uploads\/2023\/05\/sistema-de-accesibilidad-IDIS.jpg\",\"width\":900,\"height\":600},{\"@type\":\"WebPage\",\"@id\":\"https:\/\/idis.conselldeivissa.es\/es\/inclusio-es\/el-consell-de-eivissa-dispone-de-un-nuevo-sistema-de-accesibilidad-auditiva-e-instala-bucles-magneticas-para-mejorar-la-comunicacion-con-las-personas-sordas\/#webpage\",\"url\":\"https:\/\/idis.conselldeivissa.es\/es\/inclusio-es\/el-consell-de-eivissa-dispone-de-un-nuevo-sistema-de-accesibilidad-auditiva-e-instala-bucles-magneticas-para-mejorar-la-comunicacion-con-las-personas-sordas\/\",\"name\":\"El Consell de Eivissa dispone de un nuevo sistema de accesibilidad auditiva e instala bucles magn\u00e9ticas para mejorar la comunicaci\u00f3n con las personas sordas - IDIS. Igualdad, Diversidad, Inclusi\u00f3n y Salud\",\"isPartOf\":{\"@id\":\"https:\/\/idis.conselldeivissa.es\/#website\"},\"primaryImageOfPage\":{\"@id\":\"https:\/\/idis.conselldeivissa.es\/es\/inclusio-es\/el-consell-de-eivissa-dispone-de-un-nuevo-sistema-de-accesibilidad-auditiva-e-instala-bucles-magneticas-para-mejorar-la-comunicacion-con-las-personas-sordas\/#primaryimage\"},\"datePublished\":\"2023-02-01T09:11:10+00:00\",\"dateModified\":\"2025-10-02T09:18:33+00:00\",\"author\":{\"@id\":\"https:\/\/idis.conselldeivissa.es\/#\/schema\/person\/d16c448b992ce2d593d45facc3f843f5\"},\"breadcrumb\":{\"@id\":\"https:\/\/idis.conselldeivissa.es\/es\/inclusio-es\/el-consell-de-eivissa-dispone-de-un-nuevo-sistema-de-accesibilidad-auditiva-e-instala-bucles-magneticas-para-mejorar-la-comunicacion-con-las-personas-sordas\/#breadcrumb\"},\"inLanguage\":\"es\",\"potentialAction\":[{\"@type\":\"ReadAction\",\"target\":[\"https:\/\/idis.conselldeivissa.es\/es\/inclusio-es\/el-consell-de-eivissa-dispone-de-un-nuevo-sistema-de-accesibilidad-auditiva-e-instala-bucles-magneticas-para-mejorar-la-comunicacion-con-las-personas-sordas\/\"]}]},{\"@type\":\"BreadcrumbList\",\"@id\":\"https:\/\/idis.conselldeivissa.es\/es\/inclusio-es\/el-consell-de-eivissa-dispone-de-un-nuevo-sistema-de-accesibilidad-auditiva-e-instala-bucles-magneticas-para-mejorar-la-comunicacion-con-las-personas-sordas\/#breadcrumb\",\"itemListElement\":[{\"@type\":\"ListItem\",\"position\":1,\"name\":\"Inici\",\"item\":\"https:\/\/idis.conselldeivissa.es\/es\/\"},{\"@type\":\"ListItem\",\"position\":2,\"name\":\"El Consell de Eivissa dispone de un nuevo sistema de accesibilidad auditiva e instala bucles magn\u00e9ticas para mejorar la comunicaci\u00f3n con las personas sordas\"}]},{\"@type\":\"Person\",\"@id\":\"https:\/\/idis.conselldeivissa.es\/#\/schema\/person\/d16c448b992ce2d593d45facc3f843f5\",\"name\":\"Lina Maciezaite\",\"image\":{\"@type\":\"ImageObject\",\"@id\":\"https:\/\/idis.conselldeivissa.es\/#personlogo\",\"inLanguage\":\"es\",\"url\":\"https:\/\/secure.gravatar.com\/avatar\/d39b5599926c63a1326b8bf3173f006d43817057d7bbbd00a7074d5c0fd06690?s=96&d=mm&r=g\",\"contentUrl\":\"https:\/\/secure.gravatar.com\/avatar\/d39b5599926c63a1326b8bf3173f006d43817057d7bbbd00a7074d5c0fd06690?s=96&d=mm&r=g\",\"caption\":\"Lina Maciezaite\"},\"url\":\"https:\/\/idis.conselldeivissa.es\/es\/author\/lina\/\"}]}<\/script>\n<!-- \/ Yoast SEO plugin. -->","yoast_head_json":{"title":"El Consell de Eivissa dispone de un nuevo sistema de accesibilidad auditiva e instala bucles magn\u00e9ticas para mejorar la comunicaci\u00f3n con las personas sordas - IDIS. Igualdad, Diversidad, Inclusi\u00f3n y Salud","robots":{"index":"index","follow":"follow","max-snippet":"max-snippet:-1","max-image-preview":"max-image-preview:large","max-video-preview":"max-video-preview:-1"},"canonical":"https:\/\/idis.conselldeivissa.es\/es\/inclusio-es\/el-consell-de-eivissa-dispone-de-un-nuevo-sistema-de-accesibilidad-auditiva-e-instala-bucles-magneticas-para-mejorar-la-comunicacion-con-las-personas-sordas\/","og_locale":"es_ES","og_type":"article","og_title":"El Consell de Eivissa dispone de un nuevo sistema de accesibilidad auditiva e instala bucles magn\u00e9ticas para mejorar la comunicaci\u00f3n con las personas sordas - IDIS. Igualdad, Diversidad, Inclusi\u00f3n y Salud","og_description":"[vc_row type=\u00bbin_container\u00bb full_screen_row_position=\u00bbmiddle\u00bb column_margin=\u00bbdefault\u00bb column_direction=\u00bbdefault\u00bb column_direction_tablet=\u00bbdefault\u00bb column_direction_phone=\u00bbdefault\u00bb scene_position=\u00bbcenter\u00bb text_color=\u00bbdark\u00bb text_align=\u00bbleft\u00bb row_border_radius=\u00bbnone\u00bb row_border_radius_applies=\u00bbbg\u00bb overlay_strength=\u00bb0.3&#8243; gradient_direction=\u00bbleft_to_right\u00bb shape_divider_position=\u00bbbottom\u00bb bg_image_animation=\u00bbnone\u00bb][vc_column column_padding=\u00bbno-extra-padding\u00bb column_padding_tablet=\u00bbinherit\u00bb column_padding_phone=\u00bbinherit\u00bb column_padding_position=\u00bball\u00bb column_element_spacing=\u00bbdefault\u00bb background_color_opacity=\u00bb1&#8243; background_hover_color_opacity=\u00bb1&#8243; column_shadow=\u00bbnone\u00bb column_border_radius=\u00bbnone\u00bb column_link_target=\u00bb_self\u00bb gradient_direction=\u00bbleft_to_right\u00bb overlay_strength=\u00bb0.3&#8243; width=\u00bb1\/1&#8243; tablet_width_inherit=\u00bbdefault\u00bb...","og_url":"https:\/\/idis.conselldeivissa.es\/es\/inclusio-es\/el-consell-de-eivissa-dispone-de-un-nuevo-sistema-de-accesibilidad-auditiva-e-instala-bucles-magneticas-para-mejorar-la-comunicacion-con-las-personas-sordas\/","og_site_name":"IDIS. Igualdad, Diversidad, Inclusi\u00f3n y Salud","article_published_time":"2023-02-01T09:11:10+00:00","article_modified_time":"2025-10-02T09:18:33+00:00","og_image":[{"width":900,"height":600,"url":"https:\/\/idis.conselldeivissa.es\/wp-content\/uploads\/2023\/05\/sistema-de-accesibilidad-IDIS.jpg","type":"image\/jpeg"}],"twitter_card":"summary_large_image","twitter_misc":{"Escrito por":"Lina Maciezaite","Tiempo de lectura":"3 minutos"},"schema":{"@context":"https:\/\/schema.org","@graph":[{"@type":"WebSite","@id":"https:\/\/idis.conselldeivissa.es\/#website","url":"https:\/\/idis.conselldeivissa.es\/","name":"IDIS. Igualdad, Diversidad, Inclusi\u00f3n y Salud","description":"Consell Insular d&#039;Eivissa","potentialAction":[{"@type":"SearchAction","target":{"@type":"EntryPoint","urlTemplate":"https:\/\/idis.conselldeivissa.es\/?s={search_term_string}"},"query-input":"required name=search_term_string"}],"inLanguage":"es"},{"@type":"ImageObject","@id":"https:\/\/idis.conselldeivissa.es\/es\/inclusio-es\/el-consell-de-eivissa-dispone-de-un-nuevo-sistema-de-accesibilidad-auditiva-e-instala-bucles-magneticas-para-mejorar-la-comunicacion-con-las-personas-sordas\/#primaryimage","inLanguage":"es","url":"https:\/\/idis.conselldeivissa.es\/wp-content\/uploads\/2023\/05\/sistema-de-accesibilidad-IDIS.jpg","contentUrl":"https:\/\/idis.conselldeivissa.es\/wp-content\/uploads\/2023\/05\/sistema-de-accesibilidad-IDIS.jpg","width":900,"height":600},{"@type":"WebPage","@id":"https:\/\/idis.conselldeivissa.es\/es\/inclusio-es\/el-consell-de-eivissa-dispone-de-un-nuevo-sistema-de-accesibilidad-auditiva-e-instala-bucles-magneticas-para-mejorar-la-comunicacion-con-las-personas-sordas\/#webpage","url":"https:\/\/idis.conselldeivissa.es\/es\/inclusio-es\/el-consell-de-eivissa-dispone-de-un-nuevo-sistema-de-accesibilidad-auditiva-e-instala-bucles-magneticas-para-mejorar-la-comunicacion-con-las-personas-sordas\/","name":"El Consell de Eivissa dispone de un nuevo sistema de accesibilidad auditiva e instala bucles magn\u00e9ticas para mejorar la comunicaci\u00f3n con las personas sordas - IDIS. Igualdad, Diversidad, Inclusi\u00f3n y Salud","isPartOf":{"@id":"https:\/\/idis.conselldeivissa.es\/#website"},"primaryImageOfPage":{"@id":"https:\/\/idis.conselldeivissa.es\/es\/inclusio-es\/el-consell-de-eivissa-dispone-de-un-nuevo-sistema-de-accesibilidad-auditiva-e-instala-bucles-magneticas-para-mejorar-la-comunicacion-con-las-personas-sordas\/#primaryimage"},"datePublished":"2023-02-01T09:11:10+00:00","dateModified":"2025-10-02T09:18:33+00:00","author":{"@id":"https:\/\/idis.conselldeivissa.es\/#\/schema\/person\/d16c448b992ce2d593d45facc3f843f5"},"breadcrumb":{"@id":"https:\/\/idis.conselldeivissa.es\/es\/inclusio-es\/el-consell-de-eivissa-dispone-de-un-nuevo-sistema-de-accesibilidad-auditiva-e-instala-bucles-magneticas-para-mejorar-la-comunicacion-con-las-personas-sordas\/#breadcrumb"},"inLanguage":"es","potentialAction":[{"@type":"ReadAction","target":["https:\/\/idis.conselldeivissa.es\/es\/inclusio-es\/el-consell-de-eivissa-dispone-de-un-nuevo-sistema-de-accesibilidad-auditiva-e-instala-bucles-magneticas-para-mejorar-la-comunicacion-con-las-personas-sordas\/"]}]},{"@type":"BreadcrumbList","@id":"https:\/\/idis.conselldeivissa.es\/es\/inclusio-es\/el-consell-de-eivissa-dispone-de-un-nuevo-sistema-de-accesibilidad-auditiva-e-instala-bucles-magneticas-para-mejorar-la-comunicacion-con-las-personas-sordas\/#breadcrumb","itemListElement":[{"@type":"ListItem","position":1,"name":"Inici","item":"https:\/\/idis.conselldeivissa.es\/es\/"},{"@type":"ListItem","position":2,"name":"El Consell de Eivissa dispone de un nuevo sistema de accesibilidad auditiva e instala bucles magn\u00e9ticas para mejorar la comunicaci\u00f3n con las personas sordas"}]},{"@type":"Person","@id":"https:\/\/idis.conselldeivissa.es\/#\/schema\/person\/d16c448b992ce2d593d45facc3f843f5","name":"Lina Maciezaite","image":{"@type":"ImageObject","@id":"https:\/\/idis.conselldeivissa.es\/#personlogo","inLanguage":"es","url":"https:\/\/secure.gravatar.com\/avatar\/d39b5599926c63a1326b8bf3173f006d43817057d7bbbd00a7074d5c0fd06690?s=96&d=mm&r=g","contentUrl":"https:\/\/secure.gravatar.com\/avatar\/d39b5599926c63a1326b8bf3173f006d43817057d7bbbd00a7074d5c0fd06690?s=96&d=mm&r=g","caption":"Lina Maciezaite"},"url":"https:\/\/idis.conselldeivissa.es\/es\/author\/lina\/"}]}},"acf":[],"_links":{"self":[{"href":"https:\/\/idis.conselldeivissa.es\/es\/wp-json\/wp\/v2\/posts\/7136","targetHints":{"allow":["GET"]}}],"collection":[{"href":"https:\/\/idis.conselldeivissa.es\/es\/wp-json\/wp\/v2\/posts"}],"about":[{"href":"https:\/\/idis.conselldeivissa.es\/es\/wp-json\/wp\/v2\/types\/post"}],"author":[{"embeddable":true,"href":"https:\/\/idis.conselldeivissa.es\/es\/wp-json\/wp\/v2\/users\/4"}],"replies":[{"embeddable":true,"href":"https:\/\/idis.conselldeivissa.es\/es\/wp-json\/wp\/v2\/comments?post=7136"}],"version-history":[{"count":1,"href":"https:\/\/idis.conselldeivissa.es\/es\/wp-json\/wp\/v2\/posts\/7136\/revisions"}],"predecessor-version":[{"id":7137,"href":"https:\/\/idis.conselldeivissa.es\/es\/wp-json\/wp\/v2\/posts\/7136\/revisions\/7137"}],"wp:featuredmedia":[{"embeddable":true,"href":"https:\/\/idis.conselldeivissa.es\/es\/wp-json\/wp\/v2\/media\/7134"}],"wp:attachment":[{"href":"https:\/\/idis.conselldeivissa.es\/es\/wp-json\/wp\/v2\/media?parent=7136"}],"wp:term":[{"taxonomy":"category","embeddable":true,"href":"https:\/\/idis.conselldeivissa.es\/es\/wp-json\/wp\/v2\/categories?post=7136"},{"taxonomy":"post_tag","embeddable":true,"href":"https:\/\/idis.conselldeivissa.es\/es\/wp-json\/wp\/v2\/tags?post=7136"}],"curies":[{"name":"wp","href":"https:\/\/api.w.org\/{rel}","templated":true}]}}