{"id":5491,"date":"2022-06-29T14:31:45","date_gmt":"2022-06-29T12:31:45","guid":{"rendered":"https:\/\/idis.conselldeivissa.es\/?p=5491"},"modified":"2025-10-02T11:18:34","modified_gmt":"2025-10-02T09:18:34","slug":"la-firma-del-concierto-social-entre-el-consell-insular-deivissa-y-aemif-permite-garantizar-la-atencion-a-las-personas-usuarias-de-su-centro-de-dia-y-el-transporte-adaptado","status":"publish","type":"post","link":"https:\/\/idis.conselldeivissa.es\/es\/inclusio-es\/la-firma-del-concierto-social-entre-el-consell-insular-deivissa-y-aemif-permite-garantizar-la-atencion-a-las-personas-usuarias-de-su-centro-de-dia-y-el-transporte-adaptado\/","title":{"rendered":"La firma del concierto social entre el Consell Insular d\u2019Eivissa y AEMIF permite garantizar la atenci\u00f3n a las personas usuarias de su centro de d\u00eda y el transporte adaptado"},"content":{"rendered":"[vc_row type=\u00bbin_container\u00bb full_screen_row_position=\u00bbmiddle\u00bb column_margin=\u00bbdefault\u00bb column_direction=\u00bbdefault\u00bb column_direction_tablet=\u00bbdefault\u00bb column_direction_phone=\u00bbdefault\u00bb scene_position=\u00bbcenter\u00bb text_color=\u00bbdark\u00bb text_align=\u00bbleft\u00bb row_border_radius=\u00bbnone\u00bb row_border_radius_applies=\u00bbbg\u00bb overlay_strength=\u00bb0.3&#8243; gradient_direction=\u00bbleft_to_right\u00bb shape_divider_position=\u00bbbottom\u00bb bg_image_animation=\u00bbnone\u00bb][vc_column column_padding=\u00bbno-extra-padding\u00bb column_padding_tablet=\u00bbinherit\u00bb column_padding_phone=\u00bbinherit\u00bb column_padding_position=\u00bball\u00bb column_element_spacing=\u00bbdefault\u00bb background_color_opacity=\u00bb1&#8243; background_hover_color_opacity=\u00bb1&#8243; column_shadow=\u00bbnone\u00bb column_border_radius=\u00bbnone\u00bb column_link_target=\u00bb_self\u00bb gradient_direction=\u00bbleft_to_right\u00bb overlay_strength=\u00bb0.3&#8243; width=\u00bb1\/1&#8243; tablet_width_inherit=\u00bbdefault\u00bb tablet_text_alignment=\u00bbdefault\u00bb phone_text_alignment=\u00bbdefault\u00bb bg_image_animation=\u00bbnone\u00bb border_type=\u00bbsimple\u00bb column_border_width=\u00bbnone\u00bb column_border_style=\u00bbsolid\u00bb][vc_column_text css_animation=\u00bbfadeIn\u00bb]El presidente del Consell Insular d\u2019Eivissa, Vicent Mar\u00ed, y el vicepresidente de la <a href=\"https:\/\/aemif.es\/home\/\" target=\"_blank\" rel=\"noopener\">Asociaci\u00f3n de Esclerosis M\u00faltiple de Eivissa y Formentera (Aemif)<\/a>, Jos\u00e9 Becerra, han firmado este martes el concierto social por un m\u00e1ximo de 323.434&#8217;15 euros para garantizar la atenci\u00f3n a los usuarios de su centro de d\u00eda (que tiene una capacidad de 15 plazas) as\u00ed como de su servicio complementario de transporte adaptado (20 plazas).[\/vc_column_text][vc_column_text css_animation=\u00bbfadeIn\u00bb]El presidente del Consell d\u2019Eivissa ha explicado que este convenio demuestra \u201cla voluntad del Consell d\u2019Eivissa de mejorar los servicios que prestan las asociaciones a estos colectivos, en este caso a trav\u00e9s de un concierto, que es la mejor manera prestar estos servicios por parte de unos profesionales que prestan servicios de terapias regenerativas de una forma inmejorable\u201d. Mar\u00ed ha a\u00f1adido que \u00abeste concierto dar\u00e1 estabilidad\u00bb y por eso es importante \u00abque conseguimos tener lista cuanto antes la cartera de servicios como herramienta indispensable para reconocer los derechos a las entidades que prestan estos servicios\u00bb.[\/vc_column_text][vc_column_text css_animation=\u00bbfadeIn\u00bb]Por su parte el gerente de AEMIF, Ismael Vargas, ha explicado que este concierto es \u00abuno de los mayores hitos que se han conseguido en esta entidad en particular y en el mundo asociativo en general\u00bb. Vargas ha explicado que gracias a este concierto se garantiza el derecho a personas que padecen una discapacidad f\u00edsica de poder obtener una atenci\u00f3n diurna especializada por lo que se sienten \u00absatisfechos con el acuerdo\u00bb y con ganas de seguir esta l\u00ednea que es \u00abla forma m\u00e1s efectiva de financiar las prestaciones esenciales\u201d.[\/vc_column_text][vc_column_text css_animation=\u00bbfadeIn\u00bb]La consejera insular de Bienestar Social, Carolina Escandell, ha manifestado que este concierto social con Aemif es esencial tanto por las personas usuarias (afectadas por esclerosis m\u00faltiple u otras enfermedades neurodegenerativas) de esta entidad, como por sus familias porque es un servicio que les ayuda a adaptarse y convivir con sus situaciones, en algunos casos bastante complejas. \u201cEl Consell debe estar junto a las asociaciones como Aemif y, en este caso concreto, este acuerdo sirve para dotar de estabilidad econ\u00f3mica y de garant\u00edas jur\u00eddicas a estos servicios, imprescindible para las personas usuarias y que es una realidad gracias a los profesionales de Aemif\u201d, ha valorado Escandell.[\/vc_column_text][vc_column_text css_animation=\u00bbfadeIn\u00bb]El centro de d\u00eda para personas con discapacidad f\u00edsica de Aemif es un servicio de atenci\u00f3n diurna que da una atenci\u00f3n integral a las personas con discapacidad con necesidades de apoyo extenso y generalizado, en funci\u00f3n de las necesidades de cada persona y su tipo de discapacidad, para que puedan mejorar o mantener el mayor nivel de autonom\u00eda y bienestar, potenciar la inclusi\u00f3n y apoyar a las familias. En cuanto al transporte adaptado, el objetivo es facilitar a las personas usuarias el desplazamiento desde su domicilio al servicio de centro de d\u00eda y regresar a sus domicilios.[\/vc_column_text][vc_gallery type=\u00bbflickity_style\u00bb images=\u00bb5486,5484&#8243; flickity_spacing=\u00bbdefault\u00bb flickity_controls=\u00bbpagination\u00bb flickity_overflow=\u00bbhidden\u00bb flickity_wrap_around=\u00bbwrap\u00bb flickity_desktop_columns=\u00bb1&#8243; flickity_small_desktop_columns=\u00bb1&#8243; flickity_tablet_columns=\u00bb1&#8243; flickity_box_shadow=\u00bbnone\u00bb image_loading=\u00bbdefault\u00bb onclick=\u00bblink_image\u00bb][\/vc_column][\/vc_row][vc_row type=\u00bbin_container\u00bb full_screen_row_position=\u00bbmiddle\u00bb column_margin=\u00bbdefault\u00bb column_direction=\u00bbdefault\u00bb column_direction_tablet=\u00bbdefault\u00bb column_direction_phone=\u00bbdefault\u00bb scene_position=\u00bbcenter\u00bb text_color=\u00bbdark\u00bb text_align=\u00bbleft\u00bb row_border_radius=\u00bbnone\u00bb row_border_radius_applies=\u00bbbg\u00bb overlay_strength=\u00bb0.3&#8243; gradient_direction=\u00bbleft_to_right\u00bb shape_divider_position=\u00bbbottom\u00bb bg_image_animation=\u00bbnone\u00bb][vc_column column_padding=\u00bbno-extra-padding\u00bb column_padding_tablet=\u00bbinherit\u00bb column_padding_phone=\u00bbinherit\u00bb column_padding_position=\u00bball\u00bb column_element_spacing=\u00bbdefault\u00bb background_color_opacity=\u00bb1&#8243; background_hover_color_opacity=\u00bb1&#8243; column_shadow=\u00bbnone\u00bb column_border_radius=\u00bbnone\u00bb column_link_target=\u00bb_self\u00bb gradient_direction=\u00bbleft_to_right\u00bb overlay_strength=\u00bb0.3&#8243; width=\u00bb1\/1&#8243; tablet_width_inherit=\u00bbdefault\u00bb tablet_text_alignment=\u00bbdefault\u00bb phone_text_alignment=\u00bbdefault\u00bb bg_image_animation=\u00bbnone\u00bb border_type=\u00bbsimple\u00bb column_border_width=\u00bbnone\u00bb column_border_style=\u00bbsolid\u00bb][\/vc_column][\/vc_row]\n","protected":false},"excerpt":{"rendered":"<p>[vc_row type=\u00bbin_container\u00bb full_screen_row_position=\u00bbmiddle\u00bb column_margin=\u00bbdefault\u00bb column_direction=\u00bbdefault\u00bb column_direction_tablet=\u00bbdefault\u00bb column_direction_phone=\u00bbdefault\u00bb scene_position=\u00bbcenter\u00bb text_color=\u00bbdark\u00bb text_align=\u00bbleft\u00bb row_border_radius=\u00bbnone\u00bb row_border_radius_applies=\u00bbbg\u00bb overlay_strength=\u00bb0.3&#8243; gradient_direction=\u00bbleft_to_right\u00bb shape_divider_position=\u00bbbottom\u00bb bg_image_animation=\u00bbnone\u00bb][vc_column column_padding=\u00bbno-extra-padding\u00bb column_padding_tablet=\u00bbinherit\u00bb column_padding_phone=\u00bbinherit\u00bb column_padding_position=\u00bball\u00bb column_element_spacing=\u00bbdefault\u00bb background_color_opacity=\u00bb1&#8243; background_hover_color_opacity=\u00bb1&#8243; column_shadow=\u00bbnone\u00bb column_border_radius=\u00bbnone\u00bb column_link_target=\u00bb_self\u00bb gradient_direction=\u00bbleft_to_right\u00bb overlay_strength=\u00bb0.3&#8243; width=\u00bb1\/1&#8243; tablet_width_inherit=\u00bbdefault\u00bb&#8230;<\/p>\n","protected":false},"author":4,"featured_media":5485,"comment_status":"closed","ping_status":"open","sticky":false,"template":"","format":"standard","meta":{"footnotes":""},"categories":[32],"tags":[],"class_list":{"0":"post-5491","1":"post","2":"type-post","3":"status-publish","4":"format-standard","5":"has-post-thumbnail","7":"category-inclusio-es"},"yoast_head":"<!-- This site is optimized with the Yoast SEO plugin v18.4.1 - https:\/\/yoast.com\/wordpress\/plugins\/seo\/ -->\n<title>La firma del concierto social entre el Consell Insular d\u2019Eivissa y AEMIF permite garantizar la atenci\u00f3n a las personas usuarias de su centro de d\u00eda y el transporte adaptado - IDIS. Igualdad, Diversidad, Inclusi\u00f3n y Salud<\/title>\n<meta name=\"robots\" content=\"index, follow, max-snippet:-1, max-image-preview:large, max-video-preview:-1\" \/>\n<link rel=\"canonical\" href=\"https:\/\/idis.conselldeivissa.es\/es\/inclusio-es\/la-firma-del-concierto-social-entre-el-consell-insular-deivissa-y-aemif-permite-garantizar-la-atencion-a-las-personas-usuarias-de-su-centro-de-dia-y-el-transporte-adaptado\/\" \/>\n<meta property=\"og:locale\" content=\"es_ES\" \/>\n<meta property=\"og:type\" content=\"article\" \/>\n<meta property=\"og:title\" content=\"La firma del concierto social entre el Consell Insular d\u2019Eivissa y AEMIF permite garantizar la atenci\u00f3n a las personas usuarias de su centro de d\u00eda y el transporte adaptado - IDIS. Igualdad, Diversidad, Inclusi\u00f3n y Salud\" \/>\n<meta property=\"og:description\" content=\"[vc_row type=\u00bbin_container\u00bb full_screen_row_position=\u00bbmiddle\u00bb column_margin=\u00bbdefault\u00bb column_direction=\u00bbdefault\u00bb column_direction_tablet=\u00bbdefault\u00bb column_direction_phone=\u00bbdefault\u00bb scene_position=\u00bbcenter\u00bb text_color=\u00bbdark\u00bb text_align=\u00bbleft\u00bb row_border_radius=\u00bbnone\u00bb row_border_radius_applies=\u00bbbg\u00bb overlay_strength=\u00bb0.3&#8243; gradient_direction=\u00bbleft_to_right\u00bb shape_divider_position=\u00bbbottom\u00bb bg_image_animation=\u00bbnone\u00bb][vc_column column_padding=\u00bbno-extra-padding\u00bb column_padding_tablet=\u00bbinherit\u00bb column_padding_phone=\u00bbinherit\u00bb column_padding_position=\u00bball\u00bb column_element_spacing=\u00bbdefault\u00bb background_color_opacity=\u00bb1&#8243; background_hover_color_opacity=\u00bb1&#8243; column_shadow=\u00bbnone\u00bb column_border_radius=\u00bbnone\u00bb column_link_target=\u00bb_self\u00bb gradient_direction=\u00bbleft_to_right\u00bb overlay_strength=\u00bb0.3&#8243; width=\u00bb1\/1&#8243; tablet_width_inherit=\u00bbdefault\u00bb...\" \/>\n<meta property=\"og:url\" content=\"https:\/\/idis.conselldeivissa.es\/es\/inclusio-es\/la-firma-del-concierto-social-entre-el-consell-insular-deivissa-y-aemif-permite-garantizar-la-atencion-a-las-personas-usuarias-de-su-centro-de-dia-y-el-transporte-adaptado\/\" \/>\n<meta property=\"og:site_name\" content=\"IDIS. Igualdad, Diversidad, Inclusi\u00f3n y Salud\" \/>\n<meta property=\"article:published_time\" content=\"2022-06-29T12:31:45+00:00\" \/>\n<meta property=\"article:modified_time\" content=\"2025-10-02T09:18:34+00:00\" \/>\n<meta property=\"og:image\" content=\"https:\/\/idis.conselldeivissa.es\/wp-content\/uploads\/2022\/06\/concierto-aemif-1-IDIS.jpg\" \/>\n\t<meta property=\"og:image:width\" content=\"900\" \/>\n\t<meta property=\"og:image:height\" content=\"600\" \/>\n\t<meta property=\"og:image:type\" content=\"image\/jpeg\" \/>\n<meta name=\"twitter:card\" content=\"summary_large_image\" \/>\n<meta name=\"twitter:label1\" content=\"Escrito por\" \/>\n\t<meta name=\"twitter:data1\" content=\"Lina Maciezaite\" \/>\n\t<meta name=\"twitter:label2\" content=\"Tiempo de lectura\" \/>\n\t<meta name=\"twitter:data2\" content=\"3 minutos\" \/>\n<script type=\"application\/ld+json\" class=\"yoast-schema-graph\">{\"@context\":\"https:\/\/schema.org\",\"@graph\":[{\"@type\":\"WebSite\",\"@id\":\"https:\/\/idis.conselldeivissa.es\/#website\",\"url\":\"https:\/\/idis.conselldeivissa.es\/\",\"name\":\"IDIS. Igualdad, Diversidad, Inclusi\u00f3n y Salud\",\"description\":\"Consell Insular d&#039;Eivissa\",\"potentialAction\":[{\"@type\":\"SearchAction\",\"target\":{\"@type\":\"EntryPoint\",\"urlTemplate\":\"https:\/\/idis.conselldeivissa.es\/?s={search_term_string}\"},\"query-input\":\"required name=search_term_string\"}],\"inLanguage\":\"es\"},{\"@type\":\"ImageObject\",\"@id\":\"https:\/\/idis.conselldeivissa.es\/es\/inclusio-es\/la-firma-del-concierto-social-entre-el-consell-insular-deivissa-y-aemif-permite-garantizar-la-atencion-a-las-personas-usuarias-de-su-centro-de-dia-y-el-transporte-adaptado\/#primaryimage\",\"inLanguage\":\"es\",\"url\":\"https:\/\/idis.conselldeivissa.es\/wp-content\/uploads\/2022\/06\/concierto-aemif-1-IDIS.jpg\",\"contentUrl\":\"https:\/\/idis.conselldeivissa.es\/wp-content\/uploads\/2022\/06\/concierto-aemif-1-IDIS.jpg\",\"width\":900,\"height\":600,\"caption\":\"Concierto AEMIF IDIS\"},{\"@type\":\"WebPage\",\"@id\":\"https:\/\/idis.conselldeivissa.es\/es\/inclusio-es\/la-firma-del-concierto-social-entre-el-consell-insular-deivissa-y-aemif-permite-garantizar-la-atencion-a-las-personas-usuarias-de-su-centro-de-dia-y-el-transporte-adaptado\/#webpage\",\"url\":\"https:\/\/idis.conselldeivissa.es\/es\/inclusio-es\/la-firma-del-concierto-social-entre-el-consell-insular-deivissa-y-aemif-permite-garantizar-la-atencion-a-las-personas-usuarias-de-su-centro-de-dia-y-el-transporte-adaptado\/\",\"name\":\"La firma del concierto social entre el Consell Insular d\u2019Eivissa y AEMIF permite garantizar la atenci\u00f3n a las personas usuarias de su centro de d\u00eda y el transporte adaptado - IDIS. Igualdad, Diversidad, Inclusi\u00f3n y Salud\",\"isPartOf\":{\"@id\":\"https:\/\/idis.conselldeivissa.es\/#website\"},\"primaryImageOfPage\":{\"@id\":\"https:\/\/idis.conselldeivissa.es\/es\/inclusio-es\/la-firma-del-concierto-social-entre-el-consell-insular-deivissa-y-aemif-permite-garantizar-la-atencion-a-las-personas-usuarias-de-su-centro-de-dia-y-el-transporte-adaptado\/#primaryimage\"},\"datePublished\":\"2022-06-29T12:31:45+00:00\",\"dateModified\":\"2025-10-02T09:18:34+00:00\",\"author\":{\"@id\":\"https:\/\/idis.conselldeivissa.es\/#\/schema\/person\/d16c448b992ce2d593d45facc3f843f5\"},\"breadcrumb\":{\"@id\":\"https:\/\/idis.conselldeivissa.es\/es\/inclusio-es\/la-firma-del-concierto-social-entre-el-consell-insular-deivissa-y-aemif-permite-garantizar-la-atencion-a-las-personas-usuarias-de-su-centro-de-dia-y-el-transporte-adaptado\/#breadcrumb\"},\"inLanguage\":\"es\",\"potentialAction\":[{\"@type\":\"ReadAction\",\"target\":[\"https:\/\/idis.conselldeivissa.es\/es\/inclusio-es\/la-firma-del-concierto-social-entre-el-consell-insular-deivissa-y-aemif-permite-garantizar-la-atencion-a-las-personas-usuarias-de-su-centro-de-dia-y-el-transporte-adaptado\/\"]}]},{\"@type\":\"BreadcrumbList\",\"@id\":\"https:\/\/idis.conselldeivissa.es\/es\/inclusio-es\/la-firma-del-concierto-social-entre-el-consell-insular-deivissa-y-aemif-permite-garantizar-la-atencion-a-las-personas-usuarias-de-su-centro-de-dia-y-el-transporte-adaptado\/#breadcrumb\",\"itemListElement\":[{\"@type\":\"ListItem\",\"position\":1,\"name\":\"Inici\",\"item\":\"https:\/\/idis.conselldeivissa.es\/es\/\"},{\"@type\":\"ListItem\",\"position\":2,\"name\":\"La firma del concierto social entre el Consell Insular d\u2019Eivissa y AEMIF permite garantizar la atenci\u00f3n a las personas usuarias de su centro de d\u00eda y el transporte adaptado\"}]},{\"@type\":\"Person\",\"@id\":\"https:\/\/idis.conselldeivissa.es\/#\/schema\/person\/d16c448b992ce2d593d45facc3f843f5\",\"name\":\"Lina Maciezaite\",\"image\":{\"@type\":\"ImageObject\",\"@id\":\"https:\/\/idis.conselldeivissa.es\/#personlogo\",\"inLanguage\":\"es\",\"url\":\"https:\/\/secure.gravatar.com\/avatar\/d39b5599926c63a1326b8bf3173f006d43817057d7bbbd00a7074d5c0fd06690?s=96&d=mm&r=g\",\"contentUrl\":\"https:\/\/secure.gravatar.com\/avatar\/d39b5599926c63a1326b8bf3173f006d43817057d7bbbd00a7074d5c0fd06690?s=96&d=mm&r=g\",\"caption\":\"Lina Maciezaite\"},\"url\":\"https:\/\/idis.conselldeivissa.es\/es\/author\/lina\/\"}]}<\/script>\n<!-- \/ Yoast SEO plugin. -->","yoast_head_json":{"title":"La firma del concierto social entre el Consell Insular d\u2019Eivissa y AEMIF permite garantizar la atenci\u00f3n a las personas usuarias de su centro de d\u00eda y el transporte adaptado - IDIS. Igualdad, Diversidad, Inclusi\u00f3n y Salud","robots":{"index":"index","follow":"follow","max-snippet":"max-snippet:-1","max-image-preview":"max-image-preview:large","max-video-preview":"max-video-preview:-1"},"canonical":"https:\/\/idis.conselldeivissa.es\/es\/inclusio-es\/la-firma-del-concierto-social-entre-el-consell-insular-deivissa-y-aemif-permite-garantizar-la-atencion-a-las-personas-usuarias-de-su-centro-de-dia-y-el-transporte-adaptado\/","og_locale":"es_ES","og_type":"article","og_title":"La firma del concierto social entre el Consell Insular d\u2019Eivissa y AEMIF permite garantizar la atenci\u00f3n a las personas usuarias de su centro de d\u00eda y el transporte adaptado - IDIS. Igualdad, Diversidad, Inclusi\u00f3n y Salud","og_description":"[vc_row type=\u00bbin_container\u00bb full_screen_row_position=\u00bbmiddle\u00bb column_margin=\u00bbdefault\u00bb column_direction=\u00bbdefault\u00bb column_direction_tablet=\u00bbdefault\u00bb column_direction_phone=\u00bbdefault\u00bb scene_position=\u00bbcenter\u00bb text_color=\u00bbdark\u00bb text_align=\u00bbleft\u00bb row_border_radius=\u00bbnone\u00bb row_border_radius_applies=\u00bbbg\u00bb overlay_strength=\u00bb0.3&#8243; gradient_direction=\u00bbleft_to_right\u00bb shape_divider_position=\u00bbbottom\u00bb bg_image_animation=\u00bbnone\u00bb][vc_column column_padding=\u00bbno-extra-padding\u00bb column_padding_tablet=\u00bbinherit\u00bb column_padding_phone=\u00bbinherit\u00bb column_padding_position=\u00bball\u00bb column_element_spacing=\u00bbdefault\u00bb background_color_opacity=\u00bb1&#8243; background_hover_color_opacity=\u00bb1&#8243; column_shadow=\u00bbnone\u00bb column_border_radius=\u00bbnone\u00bb column_link_target=\u00bb_self\u00bb gradient_direction=\u00bbleft_to_right\u00bb overlay_strength=\u00bb0.3&#8243; width=\u00bb1\/1&#8243; tablet_width_inherit=\u00bbdefault\u00bb...","og_url":"https:\/\/idis.conselldeivissa.es\/es\/inclusio-es\/la-firma-del-concierto-social-entre-el-consell-insular-deivissa-y-aemif-permite-garantizar-la-atencion-a-las-personas-usuarias-de-su-centro-de-dia-y-el-transporte-adaptado\/","og_site_name":"IDIS. Igualdad, Diversidad, Inclusi\u00f3n y Salud","article_published_time":"2022-06-29T12:31:45+00:00","article_modified_time":"2025-10-02T09:18:34+00:00","og_image":[{"width":900,"height":600,"url":"https:\/\/idis.conselldeivissa.es\/wp-content\/uploads\/2022\/06\/concierto-aemif-1-IDIS.jpg","type":"image\/jpeg"}],"twitter_card":"summary_large_image","twitter_misc":{"Escrito por":"Lina Maciezaite","Tiempo de lectura":"3 minutos"},"schema":{"@context":"https:\/\/schema.org","@graph":[{"@type":"WebSite","@id":"https:\/\/idis.conselldeivissa.es\/#website","url":"https:\/\/idis.conselldeivissa.es\/","name":"IDIS. Igualdad, Diversidad, Inclusi\u00f3n y Salud","description":"Consell Insular d&#039;Eivissa","potentialAction":[{"@type":"SearchAction","target":{"@type":"EntryPoint","urlTemplate":"https:\/\/idis.conselldeivissa.es\/?s={search_term_string}"},"query-input":"required name=search_term_string"}],"inLanguage":"es"},{"@type":"ImageObject","@id":"https:\/\/idis.conselldeivissa.es\/es\/inclusio-es\/la-firma-del-concierto-social-entre-el-consell-insular-deivissa-y-aemif-permite-garantizar-la-atencion-a-las-personas-usuarias-de-su-centro-de-dia-y-el-transporte-adaptado\/#primaryimage","inLanguage":"es","url":"https:\/\/idis.conselldeivissa.es\/wp-content\/uploads\/2022\/06\/concierto-aemif-1-IDIS.jpg","contentUrl":"https:\/\/idis.conselldeivissa.es\/wp-content\/uploads\/2022\/06\/concierto-aemif-1-IDIS.jpg","width":900,"height":600,"caption":"Concierto AEMIF IDIS"},{"@type":"WebPage","@id":"https:\/\/idis.conselldeivissa.es\/es\/inclusio-es\/la-firma-del-concierto-social-entre-el-consell-insular-deivissa-y-aemif-permite-garantizar-la-atencion-a-las-personas-usuarias-de-su-centro-de-dia-y-el-transporte-adaptado\/#webpage","url":"https:\/\/idis.conselldeivissa.es\/es\/inclusio-es\/la-firma-del-concierto-social-entre-el-consell-insular-deivissa-y-aemif-permite-garantizar-la-atencion-a-las-personas-usuarias-de-su-centro-de-dia-y-el-transporte-adaptado\/","name":"La firma del concierto social entre el Consell Insular d\u2019Eivissa y AEMIF permite garantizar la atenci\u00f3n a las personas usuarias de su centro de d\u00eda y el transporte adaptado - IDIS. Igualdad, Diversidad, Inclusi\u00f3n y Salud","isPartOf":{"@id":"https:\/\/idis.conselldeivissa.es\/#website"},"primaryImageOfPage":{"@id":"https:\/\/idis.conselldeivissa.es\/es\/inclusio-es\/la-firma-del-concierto-social-entre-el-consell-insular-deivissa-y-aemif-permite-garantizar-la-atencion-a-las-personas-usuarias-de-su-centro-de-dia-y-el-transporte-adaptado\/#primaryimage"},"datePublished":"2022-06-29T12:31:45+00:00","dateModified":"2025-10-02T09:18:34+00:00","author":{"@id":"https:\/\/idis.conselldeivissa.es\/#\/schema\/person\/d16c448b992ce2d593d45facc3f843f5"},"breadcrumb":{"@id":"https:\/\/idis.conselldeivissa.es\/es\/inclusio-es\/la-firma-del-concierto-social-entre-el-consell-insular-deivissa-y-aemif-permite-garantizar-la-atencion-a-las-personas-usuarias-de-su-centro-de-dia-y-el-transporte-adaptado\/#breadcrumb"},"inLanguage":"es","potentialAction":[{"@type":"ReadAction","target":["https:\/\/idis.conselldeivissa.es\/es\/inclusio-es\/la-firma-del-concierto-social-entre-el-consell-insular-deivissa-y-aemif-permite-garantizar-la-atencion-a-las-personas-usuarias-de-su-centro-de-dia-y-el-transporte-adaptado\/"]}]},{"@type":"BreadcrumbList","@id":"https:\/\/idis.conselldeivissa.es\/es\/inclusio-es\/la-firma-del-concierto-social-entre-el-consell-insular-deivissa-y-aemif-permite-garantizar-la-atencion-a-las-personas-usuarias-de-su-centro-de-dia-y-el-transporte-adaptado\/#breadcrumb","itemListElement":[{"@type":"ListItem","position":1,"name":"Inici","item":"https:\/\/idis.conselldeivissa.es\/es\/"},{"@type":"ListItem","position":2,"name":"La firma del concierto social entre el Consell Insular d\u2019Eivissa y AEMIF permite garantizar la atenci\u00f3n a las personas usuarias de su centro de d\u00eda y el transporte adaptado"}]},{"@type":"Person","@id":"https:\/\/idis.conselldeivissa.es\/#\/schema\/person\/d16c448b992ce2d593d45facc3f843f5","name":"Lina Maciezaite","image":{"@type":"ImageObject","@id":"https:\/\/idis.conselldeivissa.es\/#personlogo","inLanguage":"es","url":"https:\/\/secure.gravatar.com\/avatar\/d39b5599926c63a1326b8bf3173f006d43817057d7bbbd00a7074d5c0fd06690?s=96&d=mm&r=g","contentUrl":"https:\/\/secure.gravatar.com\/avatar\/d39b5599926c63a1326b8bf3173f006d43817057d7bbbd00a7074d5c0fd06690?s=96&d=mm&r=g","caption":"Lina Maciezaite"},"url":"https:\/\/idis.conselldeivissa.es\/es\/author\/lina\/"}]}},"acf":[],"_links":{"self":[{"href":"https:\/\/idis.conselldeivissa.es\/es\/wp-json\/wp\/v2\/posts\/5491","targetHints":{"allow":["GET"]}}],"collection":[{"href":"https:\/\/idis.conselldeivissa.es\/es\/wp-json\/wp\/v2\/posts"}],"about":[{"href":"https:\/\/idis.conselldeivissa.es\/es\/wp-json\/wp\/v2\/types\/post"}],"author":[{"embeddable":true,"href":"https:\/\/idis.conselldeivissa.es\/es\/wp-json\/wp\/v2\/users\/4"}],"replies":[{"embeddable":true,"href":"https:\/\/idis.conselldeivissa.es\/es\/wp-json\/wp\/v2\/comments?post=5491"}],"version-history":[{"count":2,"href":"https:\/\/idis.conselldeivissa.es\/es\/wp-json\/wp\/v2\/posts\/5491\/revisions"}],"predecessor-version":[{"id":5496,"href":"https:\/\/idis.conselldeivissa.es\/es\/wp-json\/wp\/v2\/posts\/5491\/revisions\/5496"}],"wp:featuredmedia":[{"embeddable":true,"href":"https:\/\/idis.conselldeivissa.es\/es\/wp-json\/wp\/v2\/media\/5485"}],"wp:attachment":[{"href":"https:\/\/idis.conselldeivissa.es\/es\/wp-json\/wp\/v2\/media?parent=5491"}],"wp:term":[{"taxonomy":"category","embeddable":true,"href":"https:\/\/idis.conselldeivissa.es\/es\/wp-json\/wp\/v2\/categories?post=5491"},{"taxonomy":"post_tag","embeddable":true,"href":"https:\/\/idis.conselldeivissa.es\/es\/wp-json\/wp\/v2\/tags?post=5491"}],"curies":[{"name":"wp","href":"https:\/\/api.w.org\/{rel}","templated":true}]}}