{"id":5229,"date":"2022-05-31T11:29:44","date_gmt":"2022-05-31T09:29:44","guid":{"rendered":"https:\/\/idis.conselldeivissa.es\/?p=5229"},"modified":"2025-10-02T11:18:34","modified_gmt":"2025-10-02T09:18:34","slug":"la-tercera-edicion-del-circuit-esportiu-inclusiu-deivissa-tendra-10-diadas-de-deporte-inclusivo-en-todos-los-municipios-de-la-isla","status":"publish","type":"post","link":"https:\/\/idis.conselldeivissa.es\/es\/inclusio-es\/la-tercera-edicion-del-circuit-esportiu-inclusiu-deivissa-tendra-10-diadas-de-deporte-inclusivo-en-todos-los-municipios-de-la-isla\/","title":{"rendered":"La tercera edici\u00f3n del Circuit Esportiu Inclusiu d\u2019Eivissa tendr\u00e1 10 diadas de deporte inclusivo en todos los municipios de la isla"},"content":{"rendered":"[vc_row type=\u00bbin_container\u00bb full_screen_row_position=\u00bbmiddle\u00bb column_margin=\u00bbdefault\u00bb column_direction=\u00bbdefault\u00bb column_direction_tablet=\u00bbdefault\u00bb column_direction_phone=\u00bbdefault\u00bb scene_position=\u00bbcenter\u00bb text_color=\u00bbdark\u00bb text_align=\u00bbleft\u00bb row_border_radius=\u00bbnone\u00bb row_border_radius_applies=\u00bbbg\u00bb overlay_strength=\u00bb0.3&#8243; gradient_direction=\u00bbleft_to_right\u00bb shape_divider_position=\u00bbbottom\u00bb bg_image_animation=\u00bbnone\u00bb][vc_column column_padding=\u00bbno-extra-padding\u00bb column_padding_tablet=\u00bbinherit\u00bb column_padding_phone=\u00bbinherit\u00bb column_padding_position=\u00bball\u00bb column_element_spacing=\u00bbdefault\u00bb background_color_opacity=\u00bb1&#8243; background_hover_color_opacity=\u00bb1&#8243; column_shadow=\u00bbnone\u00bb column_border_radius=\u00bbnone\u00bb column_link_target=\u00bb_self\u00bb gradient_direction=\u00bbleft_to_right\u00bb overlay_strength=\u00bb0.3&#8243; width=\u00bb1\/1&#8243; tablet_width_inherit=\u00bbdefault\u00bb tablet_text_alignment=\u00bbdefault\u00bb phone_text_alignment=\u00bbdefault\u00bb bg_image_animation=\u00bbnone\u00bb border_type=\u00bbsimple\u00bb column_border_width=\u00bbnone\u00bb column_border_style=\u00bbsolid\u00bb][vc_column_text css_animation=\u00bbfadeIn\u00bb]El consejero de Deportes y Juventud, Salvador Losa, junto con la presidenta de la asociaci\u00f3n ADDIF (Asociaci\u00f3n de Deportistas Discapacitados de Ibiza y Formentera), Myriam Mart\u00edn, presentaron hoy la III edici\u00f3n del Circuit Esportiu Inclusiu d\u2019Eivissa, organizado por ADDIF Club con la colaboraci\u00f3n del Consell d&#8217;Eivissa. Se trata de un encuentro deportivo en que deportistas con diversidad funcional, junto con deportistas sin, conviven y comparten tiempo, demostrando sus habilidades en deportes como waterpolo, padel, judo, espeleolog\u00eda y tirolina, petanca, tenis, basket, f\u00fatbol y balonmano.[\/vc_column_text][vc_column_text css_animation=\u00bbfadeIn\u00bb]Desde este mes de mayo y hasta el pr\u00f3ximo 19 de diciembre, tendr\u00e1n lugar diversas pruebas deportivas no competitivas en que los participantes podr\u00e1n demostrar sus conocimientos y habilidades en cada una de las disciplinas deportivas programadas. El consejero de Deportes ha valorado muy positivamente el grado de participaci\u00f3n y de implicaci\u00f3n de los participantes en las pasadas ediciones, \u201cdemostrando el entusiasmo y la voluntad de los participantes por disfrutar de un tiempo de ocio y adquirir h\u00e1bitos de vida saludable, donde los deportistas sin diversidad funcional pueden conocer de primera mano c\u00f3mo se trabaja con la diversidad, con la integraci\u00f3n social y deportiva de las personas con diversidad funcional. Es sin duda una experiencia muy enriquecedora para todos\u201d. Losa ha agradecido a ADDIF su iniciativa para fomentar el deporte inclusivo en la isla de Eivissa, destacando que el \u00e9xito de las dos ediciones anteriores del Circuito Deportivo Inclusivo \u201cson muestra que estamos dando pasos muy importantes en la inclusi\u00f3n en el deporte, uno de los objetivos que nos hemos marcado como prioritarios en el Departamento de Deportes del Consell Insular\u201d.[\/vc_column_text][vc_column_text css_animation=\u00bbfadeIn\u00bb]En cada prueba deportiva se cuenta con la colaboraci\u00f3n de un club de la modalidad y con la colaboraci\u00f3n de los distintos ayuntamientos de la isla que ceden las instalaciones deportivas donde se llevar\u00e1n a cabo. Hoy se ha celebrado la jornada de padel en el Club de Campo Ibiza.[\/vc_column_text][vc_column_text css_animation=\u00bbfadeIn\u00bb]Por su parte, Myriam Mart\u00edn ha explicado que el objetivo de estos circuitos es \u00abcrear espacios inclusivos en los que personas con y sin diversidad funcional puedan practicar deporte conjuntamente, una actividad que genera mucha ilusi\u00f3n entre los participantes\u00bb. Mart\u00edn ha agradecido al Consell d&#8217;Eivissa, a los ayuntamientos y las entidades deportivas colaboradoras, su implicaci\u00f3n en una actividad que \u00abconfiamos que siga creciendo y que sea un referente para el deporte inclusivo isle\u00f1o\u00bb.[\/vc_column_text][\/vc_column][\/vc_row][vc_row type=\u00bbin_container\u00bb full_screen_row_position=\u00bbmiddle\u00bb column_margin=\u00bbdefault\u00bb column_direction=\u00bbdefault\u00bb column_direction_tablet=\u00bbdefault\u00bb column_direction_phone=\u00bbdefault\u00bb scene_position=\u00bbcenter\u00bb text_color=\u00bbdark\u00bb text_align=\u00bbleft\u00bb row_border_radius=\u00bbnone\u00bb row_border_radius_applies=\u00bbbg\u00bb overlay_strength=\u00bb0.3&#8243; gradient_direction=\u00bbleft_to_right\u00bb shape_divider_position=\u00bbbottom\u00bb bg_image_animation=\u00bbnone\u00bb][vc_column column_padding=\u00bbno-extra-padding\u00bb column_padding_tablet=\u00bbinherit\u00bb column_padding_phone=\u00bbinherit\u00bb column_padding_position=\u00bball\u00bb column_element_spacing=\u00bbdefault\u00bb background_color_opacity=\u00bb1&#8243; background_hover_color_opacity=\u00bb1&#8243; column_shadow=\u00bbnone\u00bb column_border_radius=\u00bbnone\u00bb column_link_target=\u00bb_self\u00bb gradient_direction=\u00bbleft_to_right\u00bb overlay_strength=\u00bb0.3&#8243; width=\u00bb1\/1&#8243; tablet_width_inherit=\u00bbdefault\u00bb tablet_text_alignment=\u00bbdefault\u00bb phone_text_alignment=\u00bbdefault\u00bb bg_image_animation=\u00bbnone\u00bb border_type=\u00bbsimple\u00bb column_border_width=\u00bbnone\u00bb column_border_style=\u00bbsolid\u00bb][vc_gallery type=\u00bbflickity_style\u00bb images=\u00bb5214,5216,5218,5222,5212&#8243; flickity_spacing=\u00bbdefault\u00bb flickity_controls=\u00bbpagination\u00bb flickity_overflow=\u00bbhidden\u00bb flickity_wrap_around=\u00bbwrap\u00bb flickity_desktop_columns=\u00bb1&#8243; flickity_small_desktop_columns=\u00bb1&#8243; flickity_tablet_columns=\u00bb1&#8243; flickity_box_shadow=\u00bbnone\u00bb image_loading=\u00bbdefault\u00bb onclick=\u00bblink_image\u00bb][\/vc_column][\/vc_row]\n","protected":false},"excerpt":{"rendered":"<p>[vc_row type=\u00bbin_container\u00bb full_screen_row_position=\u00bbmiddle\u00bb column_margin=\u00bbdefault\u00bb column_direction=\u00bbdefault\u00bb column_direction_tablet=\u00bbdefault\u00bb column_direction_phone=\u00bbdefault\u00bb scene_position=\u00bbcenter\u00bb text_color=\u00bbdark\u00bb text_align=\u00bbleft\u00bb row_border_radius=\u00bbnone\u00bb row_border_radius_applies=\u00bbbg\u00bb overlay_strength=\u00bb0.3&#8243; gradient_direction=\u00bbleft_to_right\u00bb shape_divider_position=\u00bbbottom\u00bb bg_image_animation=\u00bbnone\u00bb][vc_column column_padding=\u00bbno-extra-padding\u00bb column_padding_tablet=\u00bbinherit\u00bb column_padding_phone=\u00bbinherit\u00bb column_padding_position=\u00bball\u00bb column_element_spacing=\u00bbdefault\u00bb background_color_opacity=\u00bb1&#8243; background_hover_color_opacity=\u00bb1&#8243; column_shadow=\u00bbnone\u00bb column_border_radius=\u00bbnone\u00bb column_link_target=\u00bb_self\u00bb gradient_direction=\u00bbleft_to_right\u00bb overlay_strength=\u00bb0.3&#8243; width=\u00bb1\/1&#8243; tablet_width_inherit=\u00bbdefault\u00bb&#8230;<\/p>\n","protected":false},"author":4,"featured_media":5213,"comment_status":"closed","ping_status":"open","sticky":false,"template":"","format":"standard","meta":{"footnotes":""},"categories":[32],"tags":[],"class_list":{"0":"post-5229","1":"post","2":"type-post","3":"status-publish","4":"format-standard","5":"has-post-thumbnail","7":"category-inclusio-es"},"yoast_head":"<!-- This site is optimized with the Yoast SEO plugin v18.4.1 - https:\/\/yoast.com\/wordpress\/plugins\/seo\/ -->\n<title>La tercera edici\u00f3n del Circuit Esportiu Inclusiu d\u2019Eivissa tendr\u00e1 10 diadas de deporte inclusivo en todos los municipios de la isla - IDIS. Igualdad, Diversidad, Inclusi\u00f3n y Salud<\/title>\n<meta name=\"robots\" content=\"index, follow, max-snippet:-1, max-image-preview:large, max-video-preview:-1\" \/>\n<link rel=\"canonical\" href=\"https:\/\/idis.conselldeivissa.es\/es\/inclusio-es\/la-tercera-edicion-del-circuit-esportiu-inclusiu-deivissa-tendra-10-diadas-de-deporte-inclusivo-en-todos-los-municipios-de-la-isla\/\" \/>\n<meta property=\"og:locale\" content=\"es_ES\" \/>\n<meta property=\"og:type\" content=\"article\" \/>\n<meta property=\"og:title\" content=\"La tercera edici\u00f3n del Circuit Esportiu Inclusiu d\u2019Eivissa tendr\u00e1 10 diadas de deporte inclusivo en todos los municipios de la isla - IDIS. Igualdad, Diversidad, Inclusi\u00f3n y Salud\" \/>\n<meta property=\"og:description\" content=\"[vc_row type=\u00bbin_container\u00bb full_screen_row_position=\u00bbmiddle\u00bb column_margin=\u00bbdefault\u00bb column_direction=\u00bbdefault\u00bb column_direction_tablet=\u00bbdefault\u00bb column_direction_phone=\u00bbdefault\u00bb scene_position=\u00bbcenter\u00bb text_color=\u00bbdark\u00bb text_align=\u00bbleft\u00bb row_border_radius=\u00bbnone\u00bb row_border_radius_applies=\u00bbbg\u00bb overlay_strength=\u00bb0.3&#8243; gradient_direction=\u00bbleft_to_right\u00bb shape_divider_position=\u00bbbottom\u00bb bg_image_animation=\u00bbnone\u00bb][vc_column column_padding=\u00bbno-extra-padding\u00bb column_padding_tablet=\u00bbinherit\u00bb column_padding_phone=\u00bbinherit\u00bb column_padding_position=\u00bball\u00bb column_element_spacing=\u00bbdefault\u00bb background_color_opacity=\u00bb1&#8243; background_hover_color_opacity=\u00bb1&#8243; column_shadow=\u00bbnone\u00bb column_border_radius=\u00bbnone\u00bb column_link_target=\u00bb_self\u00bb gradient_direction=\u00bbleft_to_right\u00bb overlay_strength=\u00bb0.3&#8243; width=\u00bb1\/1&#8243; tablet_width_inherit=\u00bbdefault\u00bb...\" \/>\n<meta property=\"og:url\" content=\"https:\/\/idis.conselldeivissa.es\/es\/inclusio-es\/la-tercera-edicion-del-circuit-esportiu-inclusiu-deivissa-tendra-10-diadas-de-deporte-inclusivo-en-todos-los-municipios-de-la-isla\/\" \/>\n<meta property=\"og:site_name\" content=\"IDIS. Igualdad, Diversidad, Inclusi\u00f3n y Salud\" \/>\n<meta property=\"article:published_time\" content=\"2022-05-31T09:29:44+00:00\" \/>\n<meta property=\"article:modified_time\" content=\"2025-10-02T09:18:34+00:00\" \/>\n<meta property=\"og:image\" content=\"https:\/\/idis.conselldeivissa.es\/wp-content\/uploads\/2022\/06\/circuit-esport-inclusio-2-IDIS.jpg\" \/>\n\t<meta property=\"og:image:width\" content=\"900\" \/>\n\t<meta property=\"og:image:height\" content=\"600\" \/>\n\t<meta property=\"og:image:type\" content=\"image\/jpeg\" \/>\n<meta name=\"twitter:card\" content=\"summary_large_image\" \/>\n<meta name=\"twitter:label1\" content=\"Escrito por\" \/>\n\t<meta name=\"twitter:data1\" content=\"Lina Maciezaite\" \/>\n\t<meta name=\"twitter:label2\" content=\"Tiempo de lectura\" \/>\n\t<meta name=\"twitter:data2\" content=\"3 minutos\" \/>\n<script type=\"application\/ld+json\" class=\"yoast-schema-graph\">{\"@context\":\"https:\/\/schema.org\",\"@graph\":[{\"@type\":\"WebSite\",\"@id\":\"https:\/\/idis.conselldeivissa.es\/#website\",\"url\":\"https:\/\/idis.conselldeivissa.es\/\",\"name\":\"IDIS. Igualdad, Diversidad, Inclusi\u00f3n y Salud\",\"description\":\"Consell Insular d&#039;Eivissa\",\"potentialAction\":[{\"@type\":\"SearchAction\",\"target\":{\"@type\":\"EntryPoint\",\"urlTemplate\":\"https:\/\/idis.conselldeivissa.es\/?s={search_term_string}\"},\"query-input\":\"required name=search_term_string\"}],\"inLanguage\":\"es\"},{\"@type\":\"ImageObject\",\"@id\":\"https:\/\/idis.conselldeivissa.es\/es\/inclusio-es\/la-tercera-edicion-del-circuit-esportiu-inclusiu-deivissa-tendra-10-diadas-de-deporte-inclusivo-en-todos-los-municipios-de-la-isla\/#primaryimage\",\"inLanguage\":\"es\",\"url\":\"https:\/\/idis.conselldeivissa.es\/wp-content\/uploads\/2022\/06\/circuit-esport-inclusio-2-IDIS.jpg\",\"contentUrl\":\"https:\/\/idis.conselldeivissa.es\/wp-content\/uploads\/2022\/06\/circuit-esport-inclusio-2-IDIS.jpg\",\"width\":900,\"height\":600,\"caption\":\"Circuit Esportiu Inclusiu d\u2019Eivissa\"},{\"@type\":\"WebPage\",\"@id\":\"https:\/\/idis.conselldeivissa.es\/es\/inclusio-es\/la-tercera-edicion-del-circuit-esportiu-inclusiu-deivissa-tendra-10-diadas-de-deporte-inclusivo-en-todos-los-municipios-de-la-isla\/#webpage\",\"url\":\"https:\/\/idis.conselldeivissa.es\/es\/inclusio-es\/la-tercera-edicion-del-circuit-esportiu-inclusiu-deivissa-tendra-10-diadas-de-deporte-inclusivo-en-todos-los-municipios-de-la-isla\/\",\"name\":\"La tercera edici\u00f3n del Circuit Esportiu Inclusiu d\u2019Eivissa tendr\u00e1 10 diadas de deporte inclusivo en todos los municipios de la isla - IDIS. Igualdad, Diversidad, Inclusi\u00f3n y Salud\",\"isPartOf\":{\"@id\":\"https:\/\/idis.conselldeivissa.es\/#website\"},\"primaryImageOfPage\":{\"@id\":\"https:\/\/idis.conselldeivissa.es\/es\/inclusio-es\/la-tercera-edicion-del-circuit-esportiu-inclusiu-deivissa-tendra-10-diadas-de-deporte-inclusivo-en-todos-los-municipios-de-la-isla\/#primaryimage\"},\"datePublished\":\"2022-05-31T09:29:44+00:00\",\"dateModified\":\"2025-10-02T09:18:34+00:00\",\"author\":{\"@id\":\"https:\/\/idis.conselldeivissa.es\/#\/schema\/person\/d16c448b992ce2d593d45facc3f843f5\"},\"breadcrumb\":{\"@id\":\"https:\/\/idis.conselldeivissa.es\/es\/inclusio-es\/la-tercera-edicion-del-circuit-esportiu-inclusiu-deivissa-tendra-10-diadas-de-deporte-inclusivo-en-todos-los-municipios-de-la-isla\/#breadcrumb\"},\"inLanguage\":\"es\",\"potentialAction\":[{\"@type\":\"ReadAction\",\"target\":[\"https:\/\/idis.conselldeivissa.es\/es\/inclusio-es\/la-tercera-edicion-del-circuit-esportiu-inclusiu-deivissa-tendra-10-diadas-de-deporte-inclusivo-en-todos-los-municipios-de-la-isla\/\"]}]},{\"@type\":\"BreadcrumbList\",\"@id\":\"https:\/\/idis.conselldeivissa.es\/es\/inclusio-es\/la-tercera-edicion-del-circuit-esportiu-inclusiu-deivissa-tendra-10-diadas-de-deporte-inclusivo-en-todos-los-municipios-de-la-isla\/#breadcrumb\",\"itemListElement\":[{\"@type\":\"ListItem\",\"position\":1,\"name\":\"Inici\",\"item\":\"https:\/\/idis.conselldeivissa.es\/es\/\"},{\"@type\":\"ListItem\",\"position\":2,\"name\":\"La tercera edici\u00f3n del Circuit Esportiu Inclusiu d\u2019Eivissa tendr\u00e1 10 diadas de deporte inclusivo en todos los municipios de la isla\"}]},{\"@type\":\"Person\",\"@id\":\"https:\/\/idis.conselldeivissa.es\/#\/schema\/person\/d16c448b992ce2d593d45facc3f843f5\",\"name\":\"Lina Maciezaite\",\"image\":{\"@type\":\"ImageObject\",\"@id\":\"https:\/\/idis.conselldeivissa.es\/#personlogo\",\"inLanguage\":\"es\",\"url\":\"https:\/\/secure.gravatar.com\/avatar\/d39b5599926c63a1326b8bf3173f006d43817057d7bbbd00a7074d5c0fd06690?s=96&d=mm&r=g\",\"contentUrl\":\"https:\/\/secure.gravatar.com\/avatar\/d39b5599926c63a1326b8bf3173f006d43817057d7bbbd00a7074d5c0fd06690?s=96&d=mm&r=g\",\"caption\":\"Lina Maciezaite\"},\"url\":\"https:\/\/idis.conselldeivissa.es\/es\/author\/lina\/\"}]}<\/script>\n<!-- \/ Yoast SEO plugin. -->","yoast_head_json":{"title":"La tercera edici\u00f3n del Circuit Esportiu Inclusiu d\u2019Eivissa tendr\u00e1 10 diadas de deporte inclusivo en todos los municipios de la isla - IDIS. Igualdad, Diversidad, Inclusi\u00f3n y Salud","robots":{"index":"index","follow":"follow","max-snippet":"max-snippet:-1","max-image-preview":"max-image-preview:large","max-video-preview":"max-video-preview:-1"},"canonical":"https:\/\/idis.conselldeivissa.es\/es\/inclusio-es\/la-tercera-edicion-del-circuit-esportiu-inclusiu-deivissa-tendra-10-diadas-de-deporte-inclusivo-en-todos-los-municipios-de-la-isla\/","og_locale":"es_ES","og_type":"article","og_title":"La tercera edici\u00f3n del Circuit Esportiu Inclusiu d\u2019Eivissa tendr\u00e1 10 diadas de deporte inclusivo en todos los municipios de la isla - IDIS. Igualdad, Diversidad, Inclusi\u00f3n y Salud","og_description":"[vc_row type=\u00bbin_container\u00bb full_screen_row_position=\u00bbmiddle\u00bb column_margin=\u00bbdefault\u00bb column_direction=\u00bbdefault\u00bb column_direction_tablet=\u00bbdefault\u00bb column_direction_phone=\u00bbdefault\u00bb scene_position=\u00bbcenter\u00bb text_color=\u00bbdark\u00bb text_align=\u00bbleft\u00bb row_border_radius=\u00bbnone\u00bb row_border_radius_applies=\u00bbbg\u00bb overlay_strength=\u00bb0.3&#8243; gradient_direction=\u00bbleft_to_right\u00bb shape_divider_position=\u00bbbottom\u00bb bg_image_animation=\u00bbnone\u00bb][vc_column column_padding=\u00bbno-extra-padding\u00bb column_padding_tablet=\u00bbinherit\u00bb column_padding_phone=\u00bbinherit\u00bb column_padding_position=\u00bball\u00bb column_element_spacing=\u00bbdefault\u00bb background_color_opacity=\u00bb1&#8243; background_hover_color_opacity=\u00bb1&#8243; column_shadow=\u00bbnone\u00bb column_border_radius=\u00bbnone\u00bb column_link_target=\u00bb_self\u00bb gradient_direction=\u00bbleft_to_right\u00bb overlay_strength=\u00bb0.3&#8243; width=\u00bb1\/1&#8243; tablet_width_inherit=\u00bbdefault\u00bb...","og_url":"https:\/\/idis.conselldeivissa.es\/es\/inclusio-es\/la-tercera-edicion-del-circuit-esportiu-inclusiu-deivissa-tendra-10-diadas-de-deporte-inclusivo-en-todos-los-municipios-de-la-isla\/","og_site_name":"IDIS. Igualdad, Diversidad, Inclusi\u00f3n y Salud","article_published_time":"2022-05-31T09:29:44+00:00","article_modified_time":"2025-10-02T09:18:34+00:00","og_image":[{"width":900,"height":600,"url":"https:\/\/idis.conselldeivissa.es\/wp-content\/uploads\/2022\/06\/circuit-esport-inclusio-2-IDIS.jpg","type":"image\/jpeg"}],"twitter_card":"summary_large_image","twitter_misc":{"Escrito por":"Lina Maciezaite","Tiempo de lectura":"3 minutos"},"schema":{"@context":"https:\/\/schema.org","@graph":[{"@type":"WebSite","@id":"https:\/\/idis.conselldeivissa.es\/#website","url":"https:\/\/idis.conselldeivissa.es\/","name":"IDIS. Igualdad, Diversidad, Inclusi\u00f3n y Salud","description":"Consell Insular d&#039;Eivissa","potentialAction":[{"@type":"SearchAction","target":{"@type":"EntryPoint","urlTemplate":"https:\/\/idis.conselldeivissa.es\/?s={search_term_string}"},"query-input":"required name=search_term_string"}],"inLanguage":"es"},{"@type":"ImageObject","@id":"https:\/\/idis.conselldeivissa.es\/es\/inclusio-es\/la-tercera-edicion-del-circuit-esportiu-inclusiu-deivissa-tendra-10-diadas-de-deporte-inclusivo-en-todos-los-municipios-de-la-isla\/#primaryimage","inLanguage":"es","url":"https:\/\/idis.conselldeivissa.es\/wp-content\/uploads\/2022\/06\/circuit-esport-inclusio-2-IDIS.jpg","contentUrl":"https:\/\/idis.conselldeivissa.es\/wp-content\/uploads\/2022\/06\/circuit-esport-inclusio-2-IDIS.jpg","width":900,"height":600,"caption":"Circuit Esportiu Inclusiu d\u2019Eivissa"},{"@type":"WebPage","@id":"https:\/\/idis.conselldeivissa.es\/es\/inclusio-es\/la-tercera-edicion-del-circuit-esportiu-inclusiu-deivissa-tendra-10-diadas-de-deporte-inclusivo-en-todos-los-municipios-de-la-isla\/#webpage","url":"https:\/\/idis.conselldeivissa.es\/es\/inclusio-es\/la-tercera-edicion-del-circuit-esportiu-inclusiu-deivissa-tendra-10-diadas-de-deporte-inclusivo-en-todos-los-municipios-de-la-isla\/","name":"La tercera edici\u00f3n del Circuit Esportiu Inclusiu d\u2019Eivissa tendr\u00e1 10 diadas de deporte inclusivo en todos los municipios de la isla - IDIS. Igualdad, Diversidad, Inclusi\u00f3n y Salud","isPartOf":{"@id":"https:\/\/idis.conselldeivissa.es\/#website"},"primaryImageOfPage":{"@id":"https:\/\/idis.conselldeivissa.es\/es\/inclusio-es\/la-tercera-edicion-del-circuit-esportiu-inclusiu-deivissa-tendra-10-diadas-de-deporte-inclusivo-en-todos-los-municipios-de-la-isla\/#primaryimage"},"datePublished":"2022-05-31T09:29:44+00:00","dateModified":"2025-10-02T09:18:34+00:00","author":{"@id":"https:\/\/idis.conselldeivissa.es\/#\/schema\/person\/d16c448b992ce2d593d45facc3f843f5"},"breadcrumb":{"@id":"https:\/\/idis.conselldeivissa.es\/es\/inclusio-es\/la-tercera-edicion-del-circuit-esportiu-inclusiu-deivissa-tendra-10-diadas-de-deporte-inclusivo-en-todos-los-municipios-de-la-isla\/#breadcrumb"},"inLanguage":"es","potentialAction":[{"@type":"ReadAction","target":["https:\/\/idis.conselldeivissa.es\/es\/inclusio-es\/la-tercera-edicion-del-circuit-esportiu-inclusiu-deivissa-tendra-10-diadas-de-deporte-inclusivo-en-todos-los-municipios-de-la-isla\/"]}]},{"@type":"BreadcrumbList","@id":"https:\/\/idis.conselldeivissa.es\/es\/inclusio-es\/la-tercera-edicion-del-circuit-esportiu-inclusiu-deivissa-tendra-10-diadas-de-deporte-inclusivo-en-todos-los-municipios-de-la-isla\/#breadcrumb","itemListElement":[{"@type":"ListItem","position":1,"name":"Inici","item":"https:\/\/idis.conselldeivissa.es\/es\/"},{"@type":"ListItem","position":2,"name":"La tercera edici\u00f3n del Circuit Esportiu Inclusiu d\u2019Eivissa tendr\u00e1 10 diadas de deporte inclusivo en todos los municipios de la isla"}]},{"@type":"Person","@id":"https:\/\/idis.conselldeivissa.es\/#\/schema\/person\/d16c448b992ce2d593d45facc3f843f5","name":"Lina Maciezaite","image":{"@type":"ImageObject","@id":"https:\/\/idis.conselldeivissa.es\/#personlogo","inLanguage":"es","url":"https:\/\/secure.gravatar.com\/avatar\/d39b5599926c63a1326b8bf3173f006d43817057d7bbbd00a7074d5c0fd06690?s=96&d=mm&r=g","contentUrl":"https:\/\/secure.gravatar.com\/avatar\/d39b5599926c63a1326b8bf3173f006d43817057d7bbbd00a7074d5c0fd06690?s=96&d=mm&r=g","caption":"Lina Maciezaite"},"url":"https:\/\/idis.conselldeivissa.es\/es\/author\/lina\/"}]}},"acf":[],"_links":{"self":[{"href":"https:\/\/idis.conselldeivissa.es\/es\/wp-json\/wp\/v2\/posts\/5229","targetHints":{"allow":["GET"]}}],"collection":[{"href":"https:\/\/idis.conselldeivissa.es\/es\/wp-json\/wp\/v2\/posts"}],"about":[{"href":"https:\/\/idis.conselldeivissa.es\/es\/wp-json\/wp\/v2\/types\/post"}],"author":[{"embeddable":true,"href":"https:\/\/idis.conselldeivissa.es\/es\/wp-json\/wp\/v2\/users\/4"}],"replies":[{"embeddable":true,"href":"https:\/\/idis.conselldeivissa.es\/es\/wp-json\/wp\/v2\/comments?post=5229"}],"version-history":[{"count":3,"href":"https:\/\/idis.conselldeivissa.es\/es\/wp-json\/wp\/v2\/posts\/5229\/revisions"}],"predecessor-version":[{"id":5231,"href":"https:\/\/idis.conselldeivissa.es\/es\/wp-json\/wp\/v2\/posts\/5229\/revisions\/5231"}],"wp:featuredmedia":[{"embeddable":true,"href":"https:\/\/idis.conselldeivissa.es\/es\/wp-json\/wp\/v2\/media\/5213"}],"wp:attachment":[{"href":"https:\/\/idis.conselldeivissa.es\/es\/wp-json\/wp\/v2\/media?parent=5229"}],"wp:term":[{"taxonomy":"category","embeddable":true,"href":"https:\/\/idis.conselldeivissa.es\/es\/wp-json\/wp\/v2\/categories?post=5229"},{"taxonomy":"post_tag","embeddable":true,"href":"https:\/\/idis.conselldeivissa.es\/es\/wp-json\/wp\/v2\/tags?post=5229"}],"curies":[{"name":"wp","href":"https:\/\/api.w.org\/{rel}","templated":true}]}}