{"id":4796,"date":"2022-05-17T10:31:31","date_gmt":"2022-05-17T08:31:31","guid":{"rendered":"https:\/\/idis.conselldeivissa.es\/?p=4796"},"modified":"2025-10-02T11:18:35","modified_gmt":"2025-10-02T09:18:35","slug":"el-consell-deivissa-colabora-en-la-dotacion-de-salas-amables-para-la-atencion-de-victimas-de-violencia-de-genero-en-dependencias-policiales","status":"publish","type":"post","link":"https:\/\/idis.conselldeivissa.es\/es\/igualdad\/el-consell-deivissa-colabora-en-la-dotacion-de-salas-amables-para-la-atencion-de-victimas-de-violencia-de-genero-en-dependencias-policiales\/","title":{"rendered":"El Consell d&#8217;Eivissa colabora en la dotaci\u00f3n de \u00absalas amables\u00bb para la atenci\u00f3n de v\u00edctimas de violencia de g\u00e9nero en dependencias policiales"},"content":{"rendered":"[vc_row type=\u00bbin_container\u00bb full_screen_row_position=\u00bbmiddle\u00bb column_margin=\u00bbdefault\u00bb column_direction=\u00bbdefault\u00bb column_direction_tablet=\u00bbdefault\u00bb column_direction_phone=\u00bbdefault\u00bb scene_position=\u00bbcenter\u00bb text_color=\u00bbdark\u00bb text_align=\u00bbleft\u00bb row_border_radius=\u00bbnone\u00bb row_border_radius_applies=\u00bbbg\u00bb overlay_strength=\u00bb0.3&#8243; gradient_direction=\u00bbleft_to_right\u00bb shape_divider_position=\u00bbbottom\u00bb bg_image_animation=\u00bbnone\u00bb][vc_column column_padding=\u00bbno-extra-padding\u00bb column_padding_tablet=\u00bbinherit\u00bb column_padding_phone=\u00bbinherit\u00bb column_padding_position=\u00bball\u00bb column_element_spacing=\u00bbdefault\u00bb background_color_opacity=\u00bb1&#8243; background_hover_color_opacity=\u00bb1&#8243; column_shadow=\u00bbnone\u00bb column_border_radius=\u00bbnone\u00bb column_link_target=\u00bb_self\u00bb gradient_direction=\u00bbleft_to_right\u00bb overlay_strength=\u00bb0.3&#8243; width=\u00bb1\/1&#8243; tablet_width_inherit=\u00bbdefault\u00bb tablet_text_alignment=\u00bbdefault\u00bb phone_text_alignment=\u00bbdefault\u00bb bg_image_animation=\u00bbnone\u00bb border_type=\u00bbsimple\u00bb column_border_width=\u00bbnone\u00bb column_border_style=\u00bbsolid\u00bb][vc_column_text css_animation=\u00bbfadeIn\u00bb]La consejera de Bienestar Social y Recursos Humanos, Carolina Escandell, ha visitado hoy las \u00absalas amables\u00bb que, con el apoyo del Consell Insular d&#8217;Eivissa a trav\u00e9s del servicio de la Oficina de la Mujer, se han habilitado en dependencias de la Guardia Civil y de la Polic\u00eda Nacional en Eivissa. Se trata de unos espacios preparados para acoger mujeres y ni\u00f1os que deben hacer declaraciones \u201cmuy dif\u00edciles y que necesitan un entorno c\u00e1lido, relajado y lo m\u00e1s cercano posible, para que este tr\u00e1mite, ya de por s\u00ed realmente dif\u00edcil, sea m\u00e1s f\u00e1cil para las v\u00edctimas\u201d, como ha explicado Escandell. \u00abEstamos ante un importante paso que se suma a los que estamos dando desde la Oficina de la Mujer para atender las mujeres y sus hijos v\u00edctimas de violencia de g\u00e9nero\u00bb.[\/vc_column_text][vc_column_text css_animation=\u00bbfadeIn\u00bb]El Consell Insular ha colaborado en la dotaci\u00f3n del mobiliario y los juguetes que se encuentran en la sala para crear un entorno relajado, y adem\u00e1s, a petici\u00f3n tanto de la Guardia Civil como de la Polic\u00eda Nacional, tambi\u00e9n se les han cedido sillas de ni\u00f1os para veh\u00edculos y sillas de ruedas para el traslado de personas con necesidades especiales.[\/vc_column_text][vc_column_text css_animation=\u00bbfadeIn\u00bb]Tanto el comandante de la Guardia Civil en Eivissa, Juan Carlos Gonz\u00e1lez, como el comisario de la Polic\u00eda Nacional en Eivissa, Manuel Hern\u00e1ndez, han agradecido al Consell Insular esta iniciativa que les permite contar con una dependencia espec\u00edfica \u00abm\u00e1s humana y cercana\u00bb para atender personas que est\u00e1n pasando por una situaci\u00f3n muy compleja y dif\u00edcil, en unas declaraciones que son largas y complicadas.[\/vc_column_text][vc_column_text css_animation=\u00bbfadeIn\u00bb]El comandante Gonz\u00e1lez ha explicado que tener un espacio como \u00e9ste para tener una declaraci\u00f3n m\u00e1s relajada de las v\u00edctimas \u00abfacilita nuestra labor\u00bb ya que las v\u00edctimas tienen la oportunidad de hacer una declaraci\u00f3n m\u00e1s completa. Por su parte el comisario Hern\u00e1ndez ha remarcado que se trata de un nuevo paso en la calidad del servicio que se ofrece a la ciudadan\u00eda, con un tratamiento individualizado, con discreci\u00f3n y contando con el apoyo que se les da desde los cuerpos y fuerzas de seguridad.[\/vc_column_text][\/vc_column][\/vc_row][vc_row type=\u00bbin_container\u00bb full_screen_row_position=\u00bbmiddle\u00bb column_margin=\u00bbdefault\u00bb column_direction=\u00bbdefault\u00bb column_direction_tablet=\u00bbdefault\u00bb column_direction_phone=\u00bbdefault\u00bb scene_position=\u00bbcenter\u00bb text_color=\u00bbdark\u00bb text_align=\u00bbleft\u00bb row_border_radius=\u00bbnone\u00bb row_border_radius_applies=\u00bbbg\u00bb overlay_strength=\u00bb0.3&#8243; gradient_direction=\u00bbleft_to_right\u00bb shape_divider_position=\u00bbbottom\u00bb bg_image_animation=\u00bbnone\u00bb][vc_column column_padding=\u00bbno-extra-padding\u00bb column_padding_tablet=\u00bbinherit\u00bb column_padding_phone=\u00bbinherit\u00bb column_padding_position=\u00bball\u00bb column_element_spacing=\u00bbdefault\u00bb background_color_opacity=\u00bb1&#8243; background_hover_color_opacity=\u00bb1&#8243; column_shadow=\u00bbnone\u00bb column_border_radius=\u00bbnone\u00bb column_link_target=\u00bb_self\u00bb gradient_direction=\u00bbleft_to_right\u00bb overlay_strength=\u00bb0.3&#8243; width=\u00bb1\/1&#8243; tablet_width_inherit=\u00bbdefault\u00bb tablet_text_alignment=\u00bbdefault\u00bb phone_text_alignment=\u00bbdefault\u00bb bg_image_animation=\u00bbnone\u00bb border_type=\u00bbsimple\u00bb column_border_width=\u00bbnone\u00bb column_border_style=\u00bbsolid\u00bb][vc_gallery type=\u00bbflickity_style\u00bb images=\u00bb4787,4789,4791&#8243; flickity_spacing=\u00bbdefault\u00bb flickity_controls=\u00bbpagination\u00bb flickity_overflow=\u00bbhidden\u00bb flickity_wrap_around=\u00bbwrap\u00bb flickity_desktop_columns=\u00bb1&#8243; flickity_small_desktop_columns=\u00bb1&#8243; flickity_tablet_columns=\u00bb1&#8243; flickity_box_shadow=\u00bbnone\u00bb image_loading=\u00bbdefault\u00bb onclick=\u00bblink_image\u00bb][\/vc_column][\/vc_row]\n","protected":false},"excerpt":{"rendered":"<p>[vc_row type=\u00bbin_container\u00bb full_screen_row_position=\u00bbmiddle\u00bb column_margin=\u00bbdefault\u00bb column_direction=\u00bbdefault\u00bb column_direction_tablet=\u00bbdefault\u00bb column_direction_phone=\u00bbdefault\u00bb scene_position=\u00bbcenter\u00bb text_color=\u00bbdark\u00bb text_align=\u00bbleft\u00bb row_border_radius=\u00bbnone\u00bb row_border_radius_applies=\u00bbbg\u00bb overlay_strength=\u00bb0.3&#8243; gradient_direction=\u00bbleft_to_right\u00bb shape_divider_position=\u00bbbottom\u00bb bg_image_animation=\u00bbnone\u00bb][vc_column column_padding=\u00bbno-extra-padding\u00bb column_padding_tablet=\u00bbinherit\u00bb column_padding_phone=\u00bbinherit\u00bb column_padding_position=\u00bball\u00bb column_element_spacing=\u00bbdefault\u00bb background_color_opacity=\u00bb1&#8243; background_hover_color_opacity=\u00bb1&#8243; column_shadow=\u00bbnone\u00bb column_border_radius=\u00bbnone\u00bb column_link_target=\u00bb_self\u00bb gradient_direction=\u00bbleft_to_right\u00bb overlay_strength=\u00bb0.3&#8243; width=\u00bb1\/1&#8243; tablet_width_inherit=\u00bbdefault\u00bb&#8230;<\/p>\n","protected":false},"author":4,"featured_media":4792,"comment_status":"closed","ping_status":"open","sticky":false,"template":"","format":"standard","meta":{"footnotes":""},"categories":[31],"tags":[],"class_list":{"0":"post-4796","1":"post","2":"type-post","3":"status-publish","4":"format-standard","5":"has-post-thumbnail","7":"category-igualdad"},"yoast_head":"<!-- This site is optimized with the Yoast SEO plugin v18.4.1 - https:\/\/yoast.com\/wordpress\/plugins\/seo\/ -->\n<title>El Consell d&#039;Eivissa colabora en la dotaci\u00f3n de &quot;salas amables&quot; para la atenci\u00f3n de v\u00edctimas de violencia de g\u00e9nero en dependencias policiales - IDIS. Igualdad, Diversidad, Inclusi\u00f3n y Salud<\/title>\n<meta name=\"robots\" content=\"index, follow, max-snippet:-1, max-image-preview:large, max-video-preview:-1\" \/>\n<link rel=\"canonical\" href=\"https:\/\/idis.conselldeivissa.es\/es\/igualdad\/el-consell-deivissa-colabora-en-la-dotacion-de-salas-amables-para-la-atencion-de-victimas-de-violencia-de-genero-en-dependencias-policiales\/\" \/>\n<meta property=\"og:locale\" content=\"es_ES\" \/>\n<meta property=\"og:type\" content=\"article\" \/>\n<meta property=\"og:title\" content=\"El Consell d&#039;Eivissa colabora en la dotaci\u00f3n de &quot;salas amables&quot; para la atenci\u00f3n de v\u00edctimas de violencia de g\u00e9nero en dependencias policiales - IDIS. Igualdad, Diversidad, Inclusi\u00f3n y Salud\" \/>\n<meta property=\"og:description\" content=\"[vc_row type=\u00bbin_container\u00bb full_screen_row_position=\u00bbmiddle\u00bb column_margin=\u00bbdefault\u00bb column_direction=\u00bbdefault\u00bb column_direction_tablet=\u00bbdefault\u00bb column_direction_phone=\u00bbdefault\u00bb scene_position=\u00bbcenter\u00bb text_color=\u00bbdark\u00bb text_align=\u00bbleft\u00bb row_border_radius=\u00bbnone\u00bb row_border_radius_applies=\u00bbbg\u00bb overlay_strength=\u00bb0.3&#8243; gradient_direction=\u00bbleft_to_right\u00bb shape_divider_position=\u00bbbottom\u00bb bg_image_animation=\u00bbnone\u00bb][vc_column column_padding=\u00bbno-extra-padding\u00bb column_padding_tablet=\u00bbinherit\u00bb column_padding_phone=\u00bbinherit\u00bb column_padding_position=\u00bball\u00bb column_element_spacing=\u00bbdefault\u00bb background_color_opacity=\u00bb1&#8243; background_hover_color_opacity=\u00bb1&#8243; column_shadow=\u00bbnone\u00bb column_border_radius=\u00bbnone\u00bb column_link_target=\u00bb_self\u00bb gradient_direction=\u00bbleft_to_right\u00bb overlay_strength=\u00bb0.3&#8243; width=\u00bb1\/1&#8243; tablet_width_inherit=\u00bbdefault\u00bb...\" \/>\n<meta property=\"og:url\" content=\"https:\/\/idis.conselldeivissa.es\/es\/igualdad\/el-consell-deivissa-colabora-en-la-dotacion-de-salas-amables-para-la-atencion-de-victimas-de-violencia-de-genero-en-dependencias-policiales\/\" \/>\n<meta property=\"og:site_name\" content=\"IDIS. Igualdad, Diversidad, Inclusi\u00f3n y Salud\" \/>\n<meta property=\"article:published_time\" content=\"2022-05-17T08:31:31+00:00\" \/>\n<meta property=\"article:modified_time\" content=\"2025-10-02T09:18:35+00:00\" \/>\n<meta property=\"og:image\" content=\"https:\/\/idis.conselldeivissa.es\/wp-content\/uploads\/2022\/05\/salas-amables-IDIS.jpg\" \/>\n\t<meta property=\"og:image:width\" content=\"900\" \/>\n\t<meta property=\"og:image:height\" content=\"599\" \/>\n\t<meta property=\"og:image:type\" content=\"image\/jpeg\" \/>\n<meta name=\"twitter:card\" content=\"summary_large_image\" \/>\n<meta name=\"twitter:label1\" content=\"Escrito por\" \/>\n\t<meta name=\"twitter:data1\" content=\"Lina Maciezaite\" \/>\n\t<meta name=\"twitter:label2\" content=\"Tiempo de lectura\" \/>\n\t<meta name=\"twitter:data2\" content=\"2 minutos\" \/>\n<script type=\"application\/ld+json\" class=\"yoast-schema-graph\">{\"@context\":\"https:\/\/schema.org\",\"@graph\":[{\"@type\":\"WebSite\",\"@id\":\"https:\/\/idis.conselldeivissa.es\/#website\",\"url\":\"https:\/\/idis.conselldeivissa.es\/\",\"name\":\"IDIS. Igualdad, Diversidad, Inclusi\u00f3n y Salud\",\"description\":\"Consell Insular d&#039;Eivissa\",\"potentialAction\":[{\"@type\":\"SearchAction\",\"target\":{\"@type\":\"EntryPoint\",\"urlTemplate\":\"https:\/\/idis.conselldeivissa.es\/?s={search_term_string}\"},\"query-input\":\"required name=search_term_string\"}],\"inLanguage\":\"es\"},{\"@type\":\"ImageObject\",\"@id\":\"https:\/\/idis.conselldeivissa.es\/es\/igualdad\/el-consell-deivissa-colabora-en-la-dotacion-de-salas-amables-para-la-atencion-de-victimas-de-violencia-de-genero-en-dependencias-policiales\/#primaryimage\",\"inLanguage\":\"es\",\"url\":\"https:\/\/idis.conselldeivissa.es\/wp-content\/uploads\/2022\/05\/salas-amables-IDIS.jpg\",\"contentUrl\":\"https:\/\/idis.conselldeivissa.es\/wp-content\/uploads\/2022\/05\/salas-amables-IDIS.jpg\",\"width\":900,\"height\":599,\"caption\":\"Salas amables\"},{\"@type\":\"WebPage\",\"@id\":\"https:\/\/idis.conselldeivissa.es\/es\/igualdad\/el-consell-deivissa-colabora-en-la-dotacion-de-salas-amables-para-la-atencion-de-victimas-de-violencia-de-genero-en-dependencias-policiales\/#webpage\",\"url\":\"https:\/\/idis.conselldeivissa.es\/es\/igualdad\/el-consell-deivissa-colabora-en-la-dotacion-de-salas-amables-para-la-atencion-de-victimas-de-violencia-de-genero-en-dependencias-policiales\/\",\"name\":\"El Consell d'Eivissa colabora en la dotaci\u00f3n de \\\"salas amables\\\" para la atenci\u00f3n de v\u00edctimas de violencia de g\u00e9nero en dependencias policiales - IDIS. Igualdad, Diversidad, Inclusi\u00f3n y Salud\",\"isPartOf\":{\"@id\":\"https:\/\/idis.conselldeivissa.es\/#website\"},\"primaryImageOfPage\":{\"@id\":\"https:\/\/idis.conselldeivissa.es\/es\/igualdad\/el-consell-deivissa-colabora-en-la-dotacion-de-salas-amables-para-la-atencion-de-victimas-de-violencia-de-genero-en-dependencias-policiales\/#primaryimage\"},\"datePublished\":\"2022-05-17T08:31:31+00:00\",\"dateModified\":\"2025-10-02T09:18:35+00:00\",\"author\":{\"@id\":\"https:\/\/idis.conselldeivissa.es\/#\/schema\/person\/d16c448b992ce2d593d45facc3f843f5\"},\"breadcrumb\":{\"@id\":\"https:\/\/idis.conselldeivissa.es\/es\/igualdad\/el-consell-deivissa-colabora-en-la-dotacion-de-salas-amables-para-la-atencion-de-victimas-de-violencia-de-genero-en-dependencias-policiales\/#breadcrumb\"},\"inLanguage\":\"es\",\"potentialAction\":[{\"@type\":\"ReadAction\",\"target\":[\"https:\/\/idis.conselldeivissa.es\/es\/igualdad\/el-consell-deivissa-colabora-en-la-dotacion-de-salas-amables-para-la-atencion-de-victimas-de-violencia-de-genero-en-dependencias-policiales\/\"]}]},{\"@type\":\"BreadcrumbList\",\"@id\":\"https:\/\/idis.conselldeivissa.es\/es\/igualdad\/el-consell-deivissa-colabora-en-la-dotacion-de-salas-amables-para-la-atencion-de-victimas-de-violencia-de-genero-en-dependencias-policiales\/#breadcrumb\",\"itemListElement\":[{\"@type\":\"ListItem\",\"position\":1,\"name\":\"Inici\",\"item\":\"https:\/\/idis.conselldeivissa.es\/es\/\"},{\"@type\":\"ListItem\",\"position\":2,\"name\":\"El Consell d&#8217;Eivissa colabora en la dotaci\u00f3n de \u00absalas amables\u00bb para la atenci\u00f3n de v\u00edctimas de violencia de g\u00e9nero en dependencias policiales\"}]},{\"@type\":\"Person\",\"@id\":\"https:\/\/idis.conselldeivissa.es\/#\/schema\/person\/d16c448b992ce2d593d45facc3f843f5\",\"name\":\"Lina Maciezaite\",\"image\":{\"@type\":\"ImageObject\",\"@id\":\"https:\/\/idis.conselldeivissa.es\/#personlogo\",\"inLanguage\":\"es\",\"url\":\"https:\/\/secure.gravatar.com\/avatar\/d39b5599926c63a1326b8bf3173f006d43817057d7bbbd00a7074d5c0fd06690?s=96&d=mm&r=g\",\"contentUrl\":\"https:\/\/secure.gravatar.com\/avatar\/d39b5599926c63a1326b8bf3173f006d43817057d7bbbd00a7074d5c0fd06690?s=96&d=mm&r=g\",\"caption\":\"Lina Maciezaite\"},\"url\":\"https:\/\/idis.conselldeivissa.es\/es\/author\/lina\/\"}]}<\/script>\n<!-- \/ Yoast SEO plugin. -->","yoast_head_json":{"title":"El Consell d'Eivissa colabora en la dotaci\u00f3n de \"salas amables\" para la atenci\u00f3n de v\u00edctimas de violencia de g\u00e9nero en dependencias policiales - IDIS. Igualdad, Diversidad, Inclusi\u00f3n y Salud","robots":{"index":"index","follow":"follow","max-snippet":"max-snippet:-1","max-image-preview":"max-image-preview:large","max-video-preview":"max-video-preview:-1"},"canonical":"https:\/\/idis.conselldeivissa.es\/es\/igualdad\/el-consell-deivissa-colabora-en-la-dotacion-de-salas-amables-para-la-atencion-de-victimas-de-violencia-de-genero-en-dependencias-policiales\/","og_locale":"es_ES","og_type":"article","og_title":"El Consell d'Eivissa colabora en la dotaci\u00f3n de \"salas amables\" para la atenci\u00f3n de v\u00edctimas de violencia de g\u00e9nero en dependencias policiales - IDIS. Igualdad, Diversidad, Inclusi\u00f3n y Salud","og_description":"[vc_row type=\u00bbin_container\u00bb full_screen_row_position=\u00bbmiddle\u00bb column_margin=\u00bbdefault\u00bb column_direction=\u00bbdefault\u00bb column_direction_tablet=\u00bbdefault\u00bb column_direction_phone=\u00bbdefault\u00bb scene_position=\u00bbcenter\u00bb text_color=\u00bbdark\u00bb text_align=\u00bbleft\u00bb row_border_radius=\u00bbnone\u00bb row_border_radius_applies=\u00bbbg\u00bb overlay_strength=\u00bb0.3&#8243; gradient_direction=\u00bbleft_to_right\u00bb shape_divider_position=\u00bbbottom\u00bb bg_image_animation=\u00bbnone\u00bb][vc_column column_padding=\u00bbno-extra-padding\u00bb column_padding_tablet=\u00bbinherit\u00bb column_padding_phone=\u00bbinherit\u00bb column_padding_position=\u00bball\u00bb column_element_spacing=\u00bbdefault\u00bb background_color_opacity=\u00bb1&#8243; background_hover_color_opacity=\u00bb1&#8243; column_shadow=\u00bbnone\u00bb column_border_radius=\u00bbnone\u00bb column_link_target=\u00bb_self\u00bb gradient_direction=\u00bbleft_to_right\u00bb overlay_strength=\u00bb0.3&#8243; width=\u00bb1\/1&#8243; tablet_width_inherit=\u00bbdefault\u00bb...","og_url":"https:\/\/idis.conselldeivissa.es\/es\/igualdad\/el-consell-deivissa-colabora-en-la-dotacion-de-salas-amables-para-la-atencion-de-victimas-de-violencia-de-genero-en-dependencias-policiales\/","og_site_name":"IDIS. Igualdad, Diversidad, Inclusi\u00f3n y Salud","article_published_time":"2022-05-17T08:31:31+00:00","article_modified_time":"2025-10-02T09:18:35+00:00","og_image":[{"width":900,"height":599,"url":"https:\/\/idis.conselldeivissa.es\/wp-content\/uploads\/2022\/05\/salas-amables-IDIS.jpg","type":"image\/jpeg"}],"twitter_card":"summary_large_image","twitter_misc":{"Escrito por":"Lina Maciezaite","Tiempo de lectura":"2 minutos"},"schema":{"@context":"https:\/\/schema.org","@graph":[{"@type":"WebSite","@id":"https:\/\/idis.conselldeivissa.es\/#website","url":"https:\/\/idis.conselldeivissa.es\/","name":"IDIS. Igualdad, Diversidad, Inclusi\u00f3n y Salud","description":"Consell Insular d&#039;Eivissa","potentialAction":[{"@type":"SearchAction","target":{"@type":"EntryPoint","urlTemplate":"https:\/\/idis.conselldeivissa.es\/?s={search_term_string}"},"query-input":"required name=search_term_string"}],"inLanguage":"es"},{"@type":"ImageObject","@id":"https:\/\/idis.conselldeivissa.es\/es\/igualdad\/el-consell-deivissa-colabora-en-la-dotacion-de-salas-amables-para-la-atencion-de-victimas-de-violencia-de-genero-en-dependencias-policiales\/#primaryimage","inLanguage":"es","url":"https:\/\/idis.conselldeivissa.es\/wp-content\/uploads\/2022\/05\/salas-amables-IDIS.jpg","contentUrl":"https:\/\/idis.conselldeivissa.es\/wp-content\/uploads\/2022\/05\/salas-amables-IDIS.jpg","width":900,"height":599,"caption":"Salas amables"},{"@type":"WebPage","@id":"https:\/\/idis.conselldeivissa.es\/es\/igualdad\/el-consell-deivissa-colabora-en-la-dotacion-de-salas-amables-para-la-atencion-de-victimas-de-violencia-de-genero-en-dependencias-policiales\/#webpage","url":"https:\/\/idis.conselldeivissa.es\/es\/igualdad\/el-consell-deivissa-colabora-en-la-dotacion-de-salas-amables-para-la-atencion-de-victimas-de-violencia-de-genero-en-dependencias-policiales\/","name":"El Consell d'Eivissa colabora en la dotaci\u00f3n de \"salas amables\" para la atenci\u00f3n de v\u00edctimas de violencia de g\u00e9nero en dependencias policiales - IDIS. Igualdad, Diversidad, Inclusi\u00f3n y Salud","isPartOf":{"@id":"https:\/\/idis.conselldeivissa.es\/#website"},"primaryImageOfPage":{"@id":"https:\/\/idis.conselldeivissa.es\/es\/igualdad\/el-consell-deivissa-colabora-en-la-dotacion-de-salas-amables-para-la-atencion-de-victimas-de-violencia-de-genero-en-dependencias-policiales\/#primaryimage"},"datePublished":"2022-05-17T08:31:31+00:00","dateModified":"2025-10-02T09:18:35+00:00","author":{"@id":"https:\/\/idis.conselldeivissa.es\/#\/schema\/person\/d16c448b992ce2d593d45facc3f843f5"},"breadcrumb":{"@id":"https:\/\/idis.conselldeivissa.es\/es\/igualdad\/el-consell-deivissa-colabora-en-la-dotacion-de-salas-amables-para-la-atencion-de-victimas-de-violencia-de-genero-en-dependencias-policiales\/#breadcrumb"},"inLanguage":"es","potentialAction":[{"@type":"ReadAction","target":["https:\/\/idis.conselldeivissa.es\/es\/igualdad\/el-consell-deivissa-colabora-en-la-dotacion-de-salas-amables-para-la-atencion-de-victimas-de-violencia-de-genero-en-dependencias-policiales\/"]}]},{"@type":"BreadcrumbList","@id":"https:\/\/idis.conselldeivissa.es\/es\/igualdad\/el-consell-deivissa-colabora-en-la-dotacion-de-salas-amables-para-la-atencion-de-victimas-de-violencia-de-genero-en-dependencias-policiales\/#breadcrumb","itemListElement":[{"@type":"ListItem","position":1,"name":"Inici","item":"https:\/\/idis.conselldeivissa.es\/es\/"},{"@type":"ListItem","position":2,"name":"El Consell d&#8217;Eivissa colabora en la dotaci\u00f3n de \u00absalas amables\u00bb para la atenci\u00f3n de v\u00edctimas de violencia de g\u00e9nero en dependencias policiales"}]},{"@type":"Person","@id":"https:\/\/idis.conselldeivissa.es\/#\/schema\/person\/d16c448b992ce2d593d45facc3f843f5","name":"Lina Maciezaite","image":{"@type":"ImageObject","@id":"https:\/\/idis.conselldeivissa.es\/#personlogo","inLanguage":"es","url":"https:\/\/secure.gravatar.com\/avatar\/d39b5599926c63a1326b8bf3173f006d43817057d7bbbd00a7074d5c0fd06690?s=96&d=mm&r=g","contentUrl":"https:\/\/secure.gravatar.com\/avatar\/d39b5599926c63a1326b8bf3173f006d43817057d7bbbd00a7074d5c0fd06690?s=96&d=mm&r=g","caption":"Lina Maciezaite"},"url":"https:\/\/idis.conselldeivissa.es\/es\/author\/lina\/"}]}},"acf":[],"_links":{"self":[{"href":"https:\/\/idis.conselldeivissa.es\/es\/wp-json\/wp\/v2\/posts\/4796","targetHints":{"allow":["GET"]}}],"collection":[{"href":"https:\/\/idis.conselldeivissa.es\/es\/wp-json\/wp\/v2\/posts"}],"about":[{"href":"https:\/\/idis.conselldeivissa.es\/es\/wp-json\/wp\/v2\/types\/post"}],"author":[{"embeddable":true,"href":"https:\/\/idis.conselldeivissa.es\/es\/wp-json\/wp\/v2\/users\/4"}],"replies":[{"embeddable":true,"href":"https:\/\/idis.conselldeivissa.es\/es\/wp-json\/wp\/v2\/comments?post=4796"}],"version-history":[{"count":4,"href":"https:\/\/idis.conselldeivissa.es\/es\/wp-json\/wp\/v2\/posts\/4796\/revisions"}],"predecessor-version":[{"id":5243,"href":"https:\/\/idis.conselldeivissa.es\/es\/wp-json\/wp\/v2\/posts\/4796\/revisions\/5243"}],"wp:featuredmedia":[{"embeddable":true,"href":"https:\/\/idis.conselldeivissa.es\/es\/wp-json\/wp\/v2\/media\/4792"}],"wp:attachment":[{"href":"https:\/\/idis.conselldeivissa.es\/es\/wp-json\/wp\/v2\/media?parent=4796"}],"wp:term":[{"taxonomy":"category","embeddable":true,"href":"https:\/\/idis.conselldeivissa.es\/es\/wp-json\/wp\/v2\/categories?post=4796"},{"taxonomy":"post_tag","embeddable":true,"href":"https:\/\/idis.conselldeivissa.es\/es\/wp-json\/wp\/v2\/tags?post=4796"}],"curies":[{"name":"wp","href":"https:\/\/api.w.org\/{rel}","templated":true}]}}