{"id":3964,"date":"2022-03-03T11:18:06","date_gmt":"2022-03-03T10:18:06","guid":{"rendered":"https:\/\/idis.conselldeivissa.es\/?p=3964"},"modified":"2025-10-02T11:18:35","modified_gmt":"2025-10-02T09:18:35","slug":"el-consell-deivissa-celebra-el-dia-internacional-de-la-mujer-con-cortometrajes-un-concurso-de-tik-tok-y-charlas-sobre-deporte-igualitario-y-salud","status":"publish","type":"post","link":"https:\/\/idis.conselldeivissa.es\/es\/igualdad\/el-consell-deivissa-celebra-el-dia-internacional-de-la-mujer-con-cortometrajes-un-concurso-de-tik-tok-y-charlas-sobre-deporte-igualitario-y-salud\/","title":{"rendered":"El Consell d\u2019Eivissa celebra el D\u00eda Internacional de la Mujer con cortometrajes, un concurso de Tik Tok y charlas sobre deporte igualitario y salud"},"content":{"rendered":"[vc_row type=\u00bbin_container\u00bb full_screen_row_position=\u00bbmiddle\u00bb column_margin=\u00bbdefault\u00bb column_direction=\u00bbdefault\u00bb column_direction_tablet=\u00bbdefault\u00bb column_direction_phone=\u00bbdefault\u00bb scene_position=\u00bbcenter\u00bb text_color=\u00bbdark\u00bb text_align=\u00bbleft\u00bb row_border_radius=\u00bbnone\u00bb row_border_radius_applies=\u00bbbg\u00bb overlay_strength=\u00bb0.3&#8243; gradient_direction=\u00bbleft_to_right\u00bb shape_divider_position=\u00bbbottom\u00bb bg_image_animation=\u00bbnone\u00bb][vc_column column_padding=\u00bbno-extra-padding\u00bb column_padding_tablet=\u00bbinherit\u00bb column_padding_phone=\u00bbinherit\u00bb column_padding_position=\u00bball\u00bb column_element_spacing=\u00bbdefault\u00bb background_color_opacity=\u00bb1&#8243; background_hover_color_opacity=\u00bb1&#8243; column_shadow=\u00bbnone\u00bb column_border_radius=\u00bbnone\u00bb column_link_target=\u00bb_self\u00bb gradient_direction=\u00bbleft_to_right\u00bb overlay_strength=\u00bb0.3&#8243; width=\u00bb1\/1&#8243; tablet_width_inherit=\u00bbdefault\u00bb tablet_text_alignment=\u00bbdefault\u00bb phone_text_alignment=\u00bbdefault\u00bb bg_image_animation=\u00bbnone\u00bb border_type=\u00bbsimple\u00bb column_border_width=\u00bbnone\u00bb column_border_style=\u00bbsolid\u00bb][vc_column_text css_animation=\u00bbfadeIn\u00bb]El Consell Insular d&#8217;Eivissa ha presentado el programa para celebrar el 8 de marzo, D\u00eda de la Mujer, y reivindicar la igualdad entre hombres y mujeres. Entre los actos destacan la proyecci\u00f3n del cortometraje <em>Ellas<\/em> y de los realizados por los participantes del programa \u00abCorto y cambio de rol\u00bb, un concurso de Tik Tok para que los j\u00f3venes muestren la importancia de la igualdad y charlas sobre deporte y salud. Adem\u00e1s, el juguete igualitario de este a\u00f1o es la peonza.[\/vc_column_text][vc_column_text css_animation=\u00bbfadeIn\u00bb]La consejera insular de Bienestar Social, Carolina Escandell, la coordinadora de la Oficina de la Mujer, Tonyi Ferrer, y la directora del Centro de Prevenci\u00f3n y Conductas Adictivas (CEPCA), Bel\u00e9n Alvite, han presentado los actos organizados para conmemorar el D\u00eda Internacional de la Mujer, que se celebra el 8 de marzo. \u00abOfrecemos actividades para todas las edades para recordar que la igualdad es un objetivo de todos y queremos recalcar la importancia de trabajar la igualdad con la juventud, no podemos dar un paso atr\u00e1s ni normalizar comportamientos que antes eran impensables\u00bb, ha manifestado Escandell.[\/vc_column_text][vc_column_text css_animation=\u00bbfadeIn\u00bb]Debido al \u00e9xito del a\u00f1o pasado del certamen de Tik Tok, este a\u00f1o se repite esta iniciativa incluida en el concurso nacional Rodando por la igualdad. Las personas participantes s\u00f3lo deben subir un v\u00eddeo a la red social con las etiquetas #Ibizaporlaigualdad y #rodandoporlaigualdad. Las bases se podr\u00e1n consultar en la p\u00e1gina web del Consell Insular d\u2019Eivissa (<a href=\"http:\/\/conselldeivissa.es\" target=\"_blank\" rel=\"noopener\">www.conselldeivissa.es<\/a>). El 18 de marzo, a las 11.00 horas, se entregar\u00e1 el galard\u00f3n al mejor v\u00eddeo de Tik Tok.[\/vc_column_text][vc_column_text css_animation=\u00bbfadeIn\u00bb]\n<div class=\"text\">\n<p>El d\u00eda 7 de marzo, a las 19.00 horas, se proyectar\u00e1 el corto <em>Ellas<\/em> en el Teatro Espa\u00f1a. Posteriormente, las actrices y la directora del corto (B\u00e1rbara Hermosilla, Ana Vide y Marta Aledo) ofrecer\u00e1n un coloquio sobre el embarazo y el mundo laboral.<\/p>\n<p>Para el 8 de marzo, D\u00eda Internacional de la Mujer, est\u00e1n programadas diversas actividades:<\/p>\n<p>A las 9.00 horas se proyectar\u00e1 <em>Las hijas de Cynisca. El deporte femenino habla de la igualdad<\/em> en el Auditorio de Cas Serres, en el Espacio Cultural de Can Ventosa y en el Palacio de Congresos de Eivissa.<\/p>\n<p>Tambi\u00e9n se llevar\u00e1 a cabo la campa\u00f1a \u00abBaldufes. D\u00f3na voltes a la igualtat. \u00c9s bona per a tu\u00bb. Se entregar\u00e1n estos juguetes igualitarios y se ofrecer\u00e1 un cuentacuentos.<\/p>\n<p>A las 12.00 horas, en la Sala de Plenos, se leer\u00e1 la declaraci\u00f3n institucional del Consell Insular d&#8217;Eivissa por el D\u00eda Internacional de la Mujer, aprobada en el pasado Pleno de febrero. La instituci\u00f3n se ha adherido al lema de 2022 de la Organizaci\u00f3n de las Naciones Unidas (ONU) \u201cIgualdad de g\u00e9nero hoy para un ma\u00f1ana sostenible\u201d, con el que se reconocen los esfuerzos de mujeres y ni\u00f1as de todo el mundo por combatir el cambio clim\u00e1tico.<\/p>\n<\/div>\n[\/vc_column_text][vc_column_text css_animation=\u00bbfadeIn\u00bb]Por otra parte, en el programa del Consell Insular d\u2019Eivissa se incluyen las actividades organizadas por los colectivos feministas:<\/p>\n<p>17.30 horas: Confecci\u00f3n de pancartas en el parque de la Paz.<br \/>\n18.30 horas: Manifestaci\u00f3n en el parque Reina Sof\u00eda.<br \/>\n19.00 horas: Lectura del manifiesto, karaoke y batucada.<\/p>\n<p>Las actividades promovidas por el Consell Insular d&#8217;Eivissa con motivo del D\u00eda Internacional de la Mujer contin\u00faan el 14 de marzo, a las 11.00 horas, en la finca de Can Marines, con la presentaci\u00f3n de las unidades did\u00e1cticas del proyecto \u00abTornem a la terra\u00bb.[\/vc_column_text][vc_column_text css_animation=\u00bbfadeIn\u00bb]\n<div class=\"text\">\n<p>El 25 de marzo, en el edificio polivalente de Cas Serres, se ofrecer\u00e1 la jornada \u00abDona i salut\u00bb, que incluir\u00e1 charlas sobre mujer y c\u00e1ncer (a cargo de Apaac), nutrici\u00f3n, suelo p\u00e9lvico\u2026<\/p>\n<p>El programa con motivo del D\u00eda Internacional de la Mujer concluir\u00e1 el 2 de abril, a las 19.00 horas, con la presentaci\u00f3n de los v\u00eddeos realizados por el alumnado del programa \u00abCorto y cambio de rol\u00bb. El acto tendr\u00e1 lugar en el Auditorio de Cas Serres.<\/p>\n<p>Por otra parte, la coordinadora de la Oficina de la Mujer ha proporcionado datos de personas atendidas en este servicio durante el a\u00f1o 2021. Un total de 681 personas participaron en los distintos programas de la Oficina de la Mujer de Eivissa , 61 m\u00e1s que en 2020, cuando se registraron 620 mujeres.<\/p>\n<\/div>\n[\/vc_column_text][vc_column_text css_animation=\u00bbfadeIn\u00bb]\n<div class=\"text\">\n<p>En cuanto al total de casos atendidos en el Programa de atenci\u00f3n y tratamiento a v\u00edctimas de violencia de g\u00e9nero, en 2021 fueron 549 (54 % de los casos y de las cuales menos de la mitad, 204, han denunciado el maltrato), mientras que el 2020, 474.<\/p>\n<p>De las 549 denunciantes de violencia de g\u00e9nero, 285 fueron v\u00edctimas de maltrato psicof\u00edsico; 134, maltrato ps\u00edquico y sexual; 21, de agresiones sexuales y 3 de tr\u00e1fico de mujeres.<\/p>\n<p>Respecto al Programa de atenci\u00f3n psicol\u00f3gica para hijos\/hijas de mujeres v\u00edctimas de violencia de g\u00e9nero, 47 son hijos\/hijas de mujeres v\u00edctimas de violencia de g\u00e9nero y se han llevado a cabo un total de 130 sesiones de tratamiento.<\/p>\n<p>En cuanto al Programa de asesoramiento y atenci\u00f3n a la mujer, en 2021 se asistieron 82 usuarias y en 2020, 70. En el de orientaci\u00f3n sociolaboral se atendieron 34 el a\u00f1o pasado y 31, en 2020.<\/p>\n<\/div>\n[\/vc_column_text][\/vc_column][\/vc_row][vc_row type=\u00bbin_container\u00bb full_screen_row_position=\u00bbmiddle\u00bb column_margin=\u00bbdefault\u00bb column_direction=\u00bbdefault\u00bb column_direction_tablet=\u00bbdefault\u00bb column_direction_phone=\u00bbdefault\u00bb scene_position=\u00bbcenter\u00bb text_color=\u00bbdark\u00bb text_align=\u00bbleft\u00bb row_border_radius=\u00bbnone\u00bb row_border_radius_applies=\u00bbbg\u00bb overlay_strength=\u00bb0.3&#8243; gradient_direction=\u00bbleft_to_right\u00bb shape_divider_position=\u00bbbottom\u00bb bg_image_animation=\u00bbnone\u00bb][vc_column column_padding=\u00bbno-extra-padding\u00bb column_padding_tablet=\u00bbinherit\u00bb column_padding_phone=\u00bbinherit\u00bb column_padding_position=\u00bball\u00bb column_element_spacing=\u00bbdefault\u00bb background_color_opacity=\u00bb1&#8243; background_hover_color_opacity=\u00bb1&#8243; column_shadow=\u00bbnone\u00bb column_border_radius=\u00bbnone\u00bb column_link_target=\u00bb_self\u00bb gradient_direction=\u00bbleft_to_right\u00bb overlay_strength=\u00bb0.3&#8243; width=\u00bb1\/1&#8243; tablet_width_inherit=\u00bbdefault\u00bb tablet_text_alignment=\u00bbdefault\u00bb phone_text_alignment=\u00bbdefault\u00bb bg_image_animation=\u00bbnone\u00bb border_type=\u00bbsimple\u00bb column_border_width=\u00bbnone\u00bb column_border_style=\u00bbsolid\u00bb][vc_gallery type=\u00bbflickity_style\u00bb images=\u00bb3968,3962&#8243; flickity_spacing=\u00bbdefault\u00bb flickity_controls=\u00bbpagination\u00bb flickity_overflow=\u00bbhidden\u00bb flickity_wrap_around=\u00bbwrap\u00bb flickity_desktop_columns=\u00bb1&#8243; flickity_small_desktop_columns=\u00bb1&#8243; flickity_tablet_columns=\u00bb1&#8243; flickity_box_shadow=\u00bbnone\u00bb image_loading=\u00bbdefault\u00bb onclick=\u00bblink_image\u00bb][\/vc_column][\/vc_row]\n","protected":false},"excerpt":{"rendered":"<p>[vc_row type=\u00bbin_container\u00bb full_screen_row_position=\u00bbmiddle\u00bb column_margin=\u00bbdefault\u00bb column_direction=\u00bbdefault\u00bb column_direction_tablet=\u00bbdefault\u00bb column_direction_phone=\u00bbdefault\u00bb scene_position=\u00bbcenter\u00bb text_color=\u00bbdark\u00bb text_align=\u00bbleft\u00bb row_border_radius=\u00bbnone\u00bb row_border_radius_applies=\u00bbbg\u00bb overlay_strength=\u00bb0.3&#8243; gradient_direction=\u00bbleft_to_right\u00bb shape_divider_position=\u00bbbottom\u00bb bg_image_animation=\u00bbnone\u00bb][vc_column column_padding=\u00bbno-extra-padding\u00bb column_padding_tablet=\u00bbinherit\u00bb column_padding_phone=\u00bbinherit\u00bb column_padding_position=\u00bball\u00bb column_element_spacing=\u00bbdefault\u00bb background_color_opacity=\u00bb1&#8243; background_hover_color_opacity=\u00bb1&#8243; column_shadow=\u00bbnone\u00bb column_border_radius=\u00bbnone\u00bb column_link_target=\u00bb_self\u00bb gradient_direction=\u00bbleft_to_right\u00bb overlay_strength=\u00bb0.3&#8243; width=\u00bb1\/1&#8243; tablet_width_inherit=\u00bbdefault\u00bb&#8230;<\/p>\n","protected":false},"author":4,"featured_media":3962,"comment_status":"closed","ping_status":"open","sticky":false,"template":"","format":"standard","meta":{"footnotes":""},"categories":[31],"tags":[],"class_list":{"0":"post-3964","1":"post","2":"type-post","3":"status-publish","4":"format-standard","5":"has-post-thumbnail","7":"category-igualdad"},"yoast_head":"<!-- This site is optimized with the Yoast SEO plugin v18.4.1 - https:\/\/yoast.com\/wordpress\/plugins\/seo\/ -->\n<title>El Consell d\u2019Eivissa celebra el D\u00eda Internacional de la Mujer con cortometrajes, un concurso de Tik Tok y charlas sobre deporte igualitario y salud - IDIS. Igualdad, Diversidad, Inclusi\u00f3n y Salud<\/title>\n<meta name=\"robots\" content=\"index, follow, max-snippet:-1, max-image-preview:large, max-video-preview:-1\" \/>\n<link rel=\"canonical\" href=\"https:\/\/idis.conselldeivissa.es\/es\/igualdad\/el-consell-deivissa-celebra-el-dia-internacional-de-la-mujer-con-cortometrajes-un-concurso-de-tik-tok-y-charlas-sobre-deporte-igualitario-y-salud\/\" \/>\n<meta property=\"og:locale\" content=\"es_ES\" \/>\n<meta property=\"og:type\" content=\"article\" \/>\n<meta property=\"og:title\" content=\"El Consell d\u2019Eivissa celebra el D\u00eda Internacional de la Mujer con cortometrajes, un concurso de Tik Tok y charlas sobre deporte igualitario y salud - IDIS. Igualdad, Diversidad, Inclusi\u00f3n y Salud\" \/>\n<meta property=\"og:description\" content=\"[vc_row type=\u00bbin_container\u00bb full_screen_row_position=\u00bbmiddle\u00bb column_margin=\u00bbdefault\u00bb column_direction=\u00bbdefault\u00bb column_direction_tablet=\u00bbdefault\u00bb column_direction_phone=\u00bbdefault\u00bb scene_position=\u00bbcenter\u00bb text_color=\u00bbdark\u00bb text_align=\u00bbleft\u00bb row_border_radius=\u00bbnone\u00bb row_border_radius_applies=\u00bbbg\u00bb overlay_strength=\u00bb0.3&#8243; gradient_direction=\u00bbleft_to_right\u00bb shape_divider_position=\u00bbbottom\u00bb bg_image_animation=\u00bbnone\u00bb][vc_column column_padding=\u00bbno-extra-padding\u00bb column_padding_tablet=\u00bbinherit\u00bb column_padding_phone=\u00bbinherit\u00bb column_padding_position=\u00bball\u00bb column_element_spacing=\u00bbdefault\u00bb background_color_opacity=\u00bb1&#8243; background_hover_color_opacity=\u00bb1&#8243; column_shadow=\u00bbnone\u00bb column_border_radius=\u00bbnone\u00bb column_link_target=\u00bb_self\u00bb gradient_direction=\u00bbleft_to_right\u00bb overlay_strength=\u00bb0.3&#8243; width=\u00bb1\/1&#8243; tablet_width_inherit=\u00bbdefault\u00bb...\" \/>\n<meta property=\"og:url\" content=\"https:\/\/idis.conselldeivissa.es\/es\/igualdad\/el-consell-deivissa-celebra-el-dia-internacional-de-la-mujer-con-cortometrajes-un-concurso-de-tik-tok-y-charlas-sobre-deporte-igualitario-y-salud\/\" \/>\n<meta property=\"og:site_name\" content=\"IDIS. Igualdad, Diversidad, Inclusi\u00f3n y Salud\" \/>\n<meta property=\"article:published_time\" content=\"2022-03-03T10:18:06+00:00\" \/>\n<meta property=\"article:modified_time\" content=\"2025-10-02T09:18:35+00:00\" \/>\n<meta property=\"og:image\" content=\"https:\/\/idis.conselldeivissa.es\/wp-content\/uploads\/2022\/03\/DIA-8-MARZO.jpg\" \/>\n\t<meta property=\"og:image:width\" content=\"900\" \/>\n\t<meta property=\"og:image:height\" content=\"600\" \/>\n\t<meta property=\"og:image:type\" content=\"image\/jpeg\" \/>\n<meta name=\"twitter:card\" content=\"summary_large_image\" \/>\n<meta name=\"twitter:label1\" content=\"Escrito por\" \/>\n\t<meta name=\"twitter:data1\" content=\"Lina Maciezaite\" \/>\n\t<meta name=\"twitter:label2\" content=\"Tiempo de lectura\" \/>\n\t<meta name=\"twitter:data2\" content=\"5 minutos\" \/>\n<script type=\"application\/ld+json\" class=\"yoast-schema-graph\">{\"@context\":\"https:\/\/schema.org\",\"@graph\":[{\"@type\":\"WebSite\",\"@id\":\"https:\/\/idis.conselldeivissa.es\/#website\",\"url\":\"https:\/\/idis.conselldeivissa.es\/\",\"name\":\"IDIS. Igualdad, Diversidad, Inclusi\u00f3n y Salud\",\"description\":\"Consell Insular d&#039;Eivissa\",\"potentialAction\":[{\"@type\":\"SearchAction\",\"target\":{\"@type\":\"EntryPoint\",\"urlTemplate\":\"https:\/\/idis.conselldeivissa.es\/?s={search_term_string}\"},\"query-input\":\"required name=search_term_string\"}],\"inLanguage\":\"es\"},{\"@type\":\"ImageObject\",\"@id\":\"https:\/\/idis.conselldeivissa.es\/es\/igualdad\/el-consell-deivissa-celebra-el-dia-internacional-de-la-mujer-con-cortometrajes-un-concurso-de-tik-tok-y-charlas-sobre-deporte-igualitario-y-salud\/#primaryimage\",\"inLanguage\":\"es\",\"url\":\"https:\/\/idis.conselldeivissa.es\/wp-content\/uploads\/2022\/03\/DIA-8-MARZO.jpg\",\"contentUrl\":\"https:\/\/idis.conselldeivissa.es\/wp-content\/uploads\/2022\/03\/DIA-8-MARZO.jpg\",\"width\":900,\"height\":600,\"caption\":\"D\u00eda 8 de Marzo 2022\"},{\"@type\":\"WebPage\",\"@id\":\"https:\/\/idis.conselldeivissa.es\/es\/igualdad\/el-consell-deivissa-celebra-el-dia-internacional-de-la-mujer-con-cortometrajes-un-concurso-de-tik-tok-y-charlas-sobre-deporte-igualitario-y-salud\/#webpage\",\"url\":\"https:\/\/idis.conselldeivissa.es\/es\/igualdad\/el-consell-deivissa-celebra-el-dia-internacional-de-la-mujer-con-cortometrajes-un-concurso-de-tik-tok-y-charlas-sobre-deporte-igualitario-y-salud\/\",\"name\":\"El Consell d\u2019Eivissa celebra el D\u00eda Internacional de la Mujer con cortometrajes, un concurso de Tik Tok y charlas sobre deporte igualitario y salud - IDIS. Igualdad, Diversidad, Inclusi\u00f3n y Salud\",\"isPartOf\":{\"@id\":\"https:\/\/idis.conselldeivissa.es\/#website\"},\"primaryImageOfPage\":{\"@id\":\"https:\/\/idis.conselldeivissa.es\/es\/igualdad\/el-consell-deivissa-celebra-el-dia-internacional-de-la-mujer-con-cortometrajes-un-concurso-de-tik-tok-y-charlas-sobre-deporte-igualitario-y-salud\/#primaryimage\"},\"datePublished\":\"2022-03-03T10:18:06+00:00\",\"dateModified\":\"2025-10-02T09:18:35+00:00\",\"author\":{\"@id\":\"https:\/\/idis.conselldeivissa.es\/#\/schema\/person\/d16c448b992ce2d593d45facc3f843f5\"},\"breadcrumb\":{\"@id\":\"https:\/\/idis.conselldeivissa.es\/es\/igualdad\/el-consell-deivissa-celebra-el-dia-internacional-de-la-mujer-con-cortometrajes-un-concurso-de-tik-tok-y-charlas-sobre-deporte-igualitario-y-salud\/#breadcrumb\"},\"inLanguage\":\"es\",\"potentialAction\":[{\"@type\":\"ReadAction\",\"target\":[\"https:\/\/idis.conselldeivissa.es\/es\/igualdad\/el-consell-deivissa-celebra-el-dia-internacional-de-la-mujer-con-cortometrajes-un-concurso-de-tik-tok-y-charlas-sobre-deporte-igualitario-y-salud\/\"]}]},{\"@type\":\"BreadcrumbList\",\"@id\":\"https:\/\/idis.conselldeivissa.es\/es\/igualdad\/el-consell-deivissa-celebra-el-dia-internacional-de-la-mujer-con-cortometrajes-un-concurso-de-tik-tok-y-charlas-sobre-deporte-igualitario-y-salud\/#breadcrumb\",\"itemListElement\":[{\"@type\":\"ListItem\",\"position\":1,\"name\":\"Inici\",\"item\":\"https:\/\/idis.conselldeivissa.es\/es\/\"},{\"@type\":\"ListItem\",\"position\":2,\"name\":\"El Consell d\u2019Eivissa celebra el D\u00eda Internacional de la Mujer con cortometrajes, un concurso de Tik Tok y charlas sobre deporte igualitario y salud\"}]},{\"@type\":\"Person\",\"@id\":\"https:\/\/idis.conselldeivissa.es\/#\/schema\/person\/d16c448b992ce2d593d45facc3f843f5\",\"name\":\"Lina Maciezaite\",\"image\":{\"@type\":\"ImageObject\",\"@id\":\"https:\/\/idis.conselldeivissa.es\/#personlogo\",\"inLanguage\":\"es\",\"url\":\"https:\/\/secure.gravatar.com\/avatar\/d39b5599926c63a1326b8bf3173f006d43817057d7bbbd00a7074d5c0fd06690?s=96&d=mm&r=g\",\"contentUrl\":\"https:\/\/secure.gravatar.com\/avatar\/d39b5599926c63a1326b8bf3173f006d43817057d7bbbd00a7074d5c0fd06690?s=96&d=mm&r=g\",\"caption\":\"Lina Maciezaite\"},\"url\":\"https:\/\/idis.conselldeivissa.es\/es\/author\/lina\/\"}]}<\/script>\n<!-- \/ Yoast SEO plugin. -->","yoast_head_json":{"title":"El Consell d\u2019Eivissa celebra el D\u00eda Internacional de la Mujer con cortometrajes, un concurso de Tik Tok y charlas sobre deporte igualitario y salud - IDIS. Igualdad, Diversidad, Inclusi\u00f3n y Salud","robots":{"index":"index","follow":"follow","max-snippet":"max-snippet:-1","max-image-preview":"max-image-preview:large","max-video-preview":"max-video-preview:-1"},"canonical":"https:\/\/idis.conselldeivissa.es\/es\/igualdad\/el-consell-deivissa-celebra-el-dia-internacional-de-la-mujer-con-cortometrajes-un-concurso-de-tik-tok-y-charlas-sobre-deporte-igualitario-y-salud\/","og_locale":"es_ES","og_type":"article","og_title":"El Consell d\u2019Eivissa celebra el D\u00eda Internacional de la Mujer con cortometrajes, un concurso de Tik Tok y charlas sobre deporte igualitario y salud - IDIS. Igualdad, Diversidad, Inclusi\u00f3n y Salud","og_description":"[vc_row type=\u00bbin_container\u00bb full_screen_row_position=\u00bbmiddle\u00bb column_margin=\u00bbdefault\u00bb column_direction=\u00bbdefault\u00bb column_direction_tablet=\u00bbdefault\u00bb column_direction_phone=\u00bbdefault\u00bb scene_position=\u00bbcenter\u00bb text_color=\u00bbdark\u00bb text_align=\u00bbleft\u00bb row_border_radius=\u00bbnone\u00bb row_border_radius_applies=\u00bbbg\u00bb overlay_strength=\u00bb0.3&#8243; gradient_direction=\u00bbleft_to_right\u00bb shape_divider_position=\u00bbbottom\u00bb bg_image_animation=\u00bbnone\u00bb][vc_column column_padding=\u00bbno-extra-padding\u00bb column_padding_tablet=\u00bbinherit\u00bb column_padding_phone=\u00bbinherit\u00bb column_padding_position=\u00bball\u00bb column_element_spacing=\u00bbdefault\u00bb background_color_opacity=\u00bb1&#8243; background_hover_color_opacity=\u00bb1&#8243; column_shadow=\u00bbnone\u00bb column_border_radius=\u00bbnone\u00bb column_link_target=\u00bb_self\u00bb gradient_direction=\u00bbleft_to_right\u00bb overlay_strength=\u00bb0.3&#8243; width=\u00bb1\/1&#8243; tablet_width_inherit=\u00bbdefault\u00bb...","og_url":"https:\/\/idis.conselldeivissa.es\/es\/igualdad\/el-consell-deivissa-celebra-el-dia-internacional-de-la-mujer-con-cortometrajes-un-concurso-de-tik-tok-y-charlas-sobre-deporte-igualitario-y-salud\/","og_site_name":"IDIS. Igualdad, Diversidad, Inclusi\u00f3n y Salud","article_published_time":"2022-03-03T10:18:06+00:00","article_modified_time":"2025-10-02T09:18:35+00:00","og_image":[{"width":900,"height":600,"url":"https:\/\/idis.conselldeivissa.es\/wp-content\/uploads\/2022\/03\/DIA-8-MARZO.jpg","type":"image\/jpeg"}],"twitter_card":"summary_large_image","twitter_misc":{"Escrito por":"Lina Maciezaite","Tiempo de lectura":"5 minutos"},"schema":{"@context":"https:\/\/schema.org","@graph":[{"@type":"WebSite","@id":"https:\/\/idis.conselldeivissa.es\/#website","url":"https:\/\/idis.conselldeivissa.es\/","name":"IDIS. Igualdad, Diversidad, Inclusi\u00f3n y Salud","description":"Consell Insular d&#039;Eivissa","potentialAction":[{"@type":"SearchAction","target":{"@type":"EntryPoint","urlTemplate":"https:\/\/idis.conselldeivissa.es\/?s={search_term_string}"},"query-input":"required name=search_term_string"}],"inLanguage":"es"},{"@type":"ImageObject","@id":"https:\/\/idis.conselldeivissa.es\/es\/igualdad\/el-consell-deivissa-celebra-el-dia-internacional-de-la-mujer-con-cortometrajes-un-concurso-de-tik-tok-y-charlas-sobre-deporte-igualitario-y-salud\/#primaryimage","inLanguage":"es","url":"https:\/\/idis.conselldeivissa.es\/wp-content\/uploads\/2022\/03\/DIA-8-MARZO.jpg","contentUrl":"https:\/\/idis.conselldeivissa.es\/wp-content\/uploads\/2022\/03\/DIA-8-MARZO.jpg","width":900,"height":600,"caption":"D\u00eda 8 de Marzo 2022"},{"@type":"WebPage","@id":"https:\/\/idis.conselldeivissa.es\/es\/igualdad\/el-consell-deivissa-celebra-el-dia-internacional-de-la-mujer-con-cortometrajes-un-concurso-de-tik-tok-y-charlas-sobre-deporte-igualitario-y-salud\/#webpage","url":"https:\/\/idis.conselldeivissa.es\/es\/igualdad\/el-consell-deivissa-celebra-el-dia-internacional-de-la-mujer-con-cortometrajes-un-concurso-de-tik-tok-y-charlas-sobre-deporte-igualitario-y-salud\/","name":"El Consell d\u2019Eivissa celebra el D\u00eda Internacional de la Mujer con cortometrajes, un concurso de Tik Tok y charlas sobre deporte igualitario y salud - IDIS. Igualdad, Diversidad, Inclusi\u00f3n y Salud","isPartOf":{"@id":"https:\/\/idis.conselldeivissa.es\/#website"},"primaryImageOfPage":{"@id":"https:\/\/idis.conselldeivissa.es\/es\/igualdad\/el-consell-deivissa-celebra-el-dia-internacional-de-la-mujer-con-cortometrajes-un-concurso-de-tik-tok-y-charlas-sobre-deporte-igualitario-y-salud\/#primaryimage"},"datePublished":"2022-03-03T10:18:06+00:00","dateModified":"2025-10-02T09:18:35+00:00","author":{"@id":"https:\/\/idis.conselldeivissa.es\/#\/schema\/person\/d16c448b992ce2d593d45facc3f843f5"},"breadcrumb":{"@id":"https:\/\/idis.conselldeivissa.es\/es\/igualdad\/el-consell-deivissa-celebra-el-dia-internacional-de-la-mujer-con-cortometrajes-un-concurso-de-tik-tok-y-charlas-sobre-deporte-igualitario-y-salud\/#breadcrumb"},"inLanguage":"es","potentialAction":[{"@type":"ReadAction","target":["https:\/\/idis.conselldeivissa.es\/es\/igualdad\/el-consell-deivissa-celebra-el-dia-internacional-de-la-mujer-con-cortometrajes-un-concurso-de-tik-tok-y-charlas-sobre-deporte-igualitario-y-salud\/"]}]},{"@type":"BreadcrumbList","@id":"https:\/\/idis.conselldeivissa.es\/es\/igualdad\/el-consell-deivissa-celebra-el-dia-internacional-de-la-mujer-con-cortometrajes-un-concurso-de-tik-tok-y-charlas-sobre-deporte-igualitario-y-salud\/#breadcrumb","itemListElement":[{"@type":"ListItem","position":1,"name":"Inici","item":"https:\/\/idis.conselldeivissa.es\/es\/"},{"@type":"ListItem","position":2,"name":"El Consell d\u2019Eivissa celebra el D\u00eda Internacional de la Mujer con cortometrajes, un concurso de Tik Tok y charlas sobre deporte igualitario y salud"}]},{"@type":"Person","@id":"https:\/\/idis.conselldeivissa.es\/#\/schema\/person\/d16c448b992ce2d593d45facc3f843f5","name":"Lina Maciezaite","image":{"@type":"ImageObject","@id":"https:\/\/idis.conselldeivissa.es\/#personlogo","inLanguage":"es","url":"https:\/\/secure.gravatar.com\/avatar\/d39b5599926c63a1326b8bf3173f006d43817057d7bbbd00a7074d5c0fd06690?s=96&d=mm&r=g","contentUrl":"https:\/\/secure.gravatar.com\/avatar\/d39b5599926c63a1326b8bf3173f006d43817057d7bbbd00a7074d5c0fd06690?s=96&d=mm&r=g","caption":"Lina Maciezaite"},"url":"https:\/\/idis.conselldeivissa.es\/es\/author\/lina\/"}]}},"acf":[],"_links":{"self":[{"href":"https:\/\/idis.conselldeivissa.es\/es\/wp-json\/wp\/v2\/posts\/3964","targetHints":{"allow":["GET"]}}],"collection":[{"href":"https:\/\/idis.conselldeivissa.es\/es\/wp-json\/wp\/v2\/posts"}],"about":[{"href":"https:\/\/idis.conselldeivissa.es\/es\/wp-json\/wp\/v2\/types\/post"}],"author":[{"embeddable":true,"href":"https:\/\/idis.conselldeivissa.es\/es\/wp-json\/wp\/v2\/users\/4"}],"replies":[{"embeddable":true,"href":"https:\/\/idis.conselldeivissa.es\/es\/wp-json\/wp\/v2\/comments?post=3964"}],"version-history":[{"count":4,"href":"https:\/\/idis.conselldeivissa.es\/es\/wp-json\/wp\/v2\/posts\/3964\/revisions"}],"predecessor-version":[{"id":4721,"href":"https:\/\/idis.conselldeivissa.es\/es\/wp-json\/wp\/v2\/posts\/3964\/revisions\/4721"}],"wp:featuredmedia":[{"embeddable":true,"href":"https:\/\/idis.conselldeivissa.es\/es\/wp-json\/wp\/v2\/media\/3962"}],"wp:attachment":[{"href":"https:\/\/idis.conselldeivissa.es\/es\/wp-json\/wp\/v2\/media?parent=3964"}],"wp:term":[{"taxonomy":"category","embeddable":true,"href":"https:\/\/idis.conselldeivissa.es\/es\/wp-json\/wp\/v2\/categories?post=3964"},{"taxonomy":"post_tag","embeddable":true,"href":"https:\/\/idis.conselldeivissa.es\/es\/wp-json\/wp\/v2\/tags?post=3964"}],"curies":[{"name":"wp","href":"https:\/\/api.w.org\/{rel}","templated":true}]}}