{"id":3141,"date":"2021-09-13T14:43:43","date_gmt":"2021-09-13T12:43:43","guid":{"rendered":"https:\/\/idis.conselldeivissa.es\/sin-categorizar\/les-v-jornades-sobre-prostitucio-se-centren-en-els-projectes-i-practiques-envers-la-seua-abolicio\/"},"modified":"2025-10-02T11:18:13","modified_gmt":"2025-10-02T09:18:13","slug":"las-v-jornadas-sobre-prostitucion-se-centran-en-los-proyectos-y-practicas-hacia-su-abolicion","status":"publish","type":"post","link":"https:\/\/idis.conselldeivissa.es\/es\/igualdad\/las-v-jornadas-sobre-prostitucion-se-centran-en-los-proyectos-y-practicas-hacia-su-abolicion\/","title":{"rendered":"Las V jornadas sobre prostituci\u00f3n se centran en los proyectos y las pr\u00e1cticas hacia su abolici\u00f3n"},"content":{"rendered":"[vc_row type=\u00bbin_container\u00bb full_screen_row_position=\u00bbmiddle\u00bb column_margin=\u00bbdefault\u00bb column_direction=\u00bbdefault\u00bb column_direction_tablet=\u00bbdefault\u00bb column_direction_phone=\u00bbdefault\u00bb scene_position=\u00bbcenter\u00bb text_color=\u00bbdark\u00bb text_align=\u00bbleft\u00bb row_border_radius=\u00bbnone\u00bb row_border_radius_applies=\u00bbbg\u00bb overlay_strength=\u00bb0.3&#8243; gradient_direction=\u00bbleft_to_right\u00bb shape_divider_position=\u00bbbottom\u00bb bg_image_animation=\u00bbnone\u00bb][vc_column column_padding=\u00bbno-extra-padding\u00bb column_padding_tablet=\u00bbinherit\u00bb column_padding_phone=\u00bbinherit\u00bb column_padding_position=\u00bball\u00bb column_element_spacing=\u00bbdefault\u00bb background_color_opacity=\u00bb1&#8243; background_hover_color_opacity=\u00bb1&#8243; column_shadow=\u00bbnone\u00bb column_border_radius=\u00bbnone\u00bb column_link_target=\u00bb_self\u00bb gradient_direction=\u00bbleft_to_right\u00bb overlay_strength=\u00bb0.3&#8243; width=\u00bb1\/1&#8243; tablet_width_inherit=\u00bbdefault\u00bb tablet_text_alignment=\u00bbdefault\u00bb phone_text_alignment=\u00bbdefault\u00bb bg_image_animation=\u00bbnone\u00bb border_type=\u00bbsimple\u00bb column_border_width=\u00bbnone\u00bb column_border_style=\u00bbsolid\u00bb][vc_column_text css_animation=\u00bbfadeIn\u00bb]La consejera de Bienestar Social y Recursos Humanos del Consell Insular d\u2019Eivissa, Carolina Escandell, la directora de la Oficina de la Mujer, Tonyi Ferrer, y Roc\u00edo L\u00f3pez, de Metges del M\u00f3n, han presentado el programa de actos organizar para celebrar las V Jornadas sobre Prostituci\u00f3n que este a\u00f1o tiene como lema \u00abUn cam\u00ed per cercar l\u2019abolici\u00f3\u00bb. Estas jornadas se celebran para conmemorar el 23 de septiembre el D\u00eda Internacional contra la Explotaci\u00f3n Sexual y el Tr\u00e1fico de Personas.[\/vc_column_text][vc_column_text css_animation=\u00bbfadeIn\u00bb]A lo largo del jueves 23 y del viernes 24 de septiembre, el Centro Cultural de Jes\u00fas acoger\u00e1 una serie de charlas y espacios de debate donde los expertos participantes, t\u00e9cnicos de la ONG Metges del M\u00f3n en Baleares y Catalu\u00f1a, abordar\u00e1n cuestiones como las metodolog\u00edas y las alternativas abolicionistas en la intervenci\u00f3n con mujeres en la prostituci\u00f3n o los proyectos de atenci\u00f3n integral a la prostituci\u00f3n. Adem\u00e1s, el jueves a las 18.00 horas en Sa Punta des Mol\u00ed, en Sant Antoni de Portmany, habr\u00e1 un desfile de moda de la marca solidaria Dona Kolors, firma de vestir femenina y proyecto social que ofrece una oportunidad laboral a las mujeres en riesgo de exclusi\u00f3n social. Adem\u00e1s, el lunes 27 de septiembre a las 12.00 horas se inaugura la exposici\u00f3n de Abel Azcona \u00abLos padres\u00bb.[\/vc_column_text][vc_column_text css_animation=\u00bbfadeIn\u00bb]Para inscribirse hay que enviar un <em>e-mail<\/em> a <a href=\"mailto:metgesdelmoneivissa@gmail.com\">metgesdelmoneivissa@gmail.com<\/a> o al tel\u00e9fono <a href=\"tel:+34971301189\">971 301 189<\/a>. Muchas de las actividades se retransmitir\u00e1n por <em>streaming<\/em>. Hay que consultar el programa diario.<\/p>\n<p>La consellera de Bienestar Social ha explicado que estas jornadas son \u00abespecialmente sensibles porque estamos hablando del tr\u00e1fico de personas, donde tambi\u00e9n encontramos ni\u00f1os y ni\u00f1as, un colectivo indefenso y vulnerable, y los tenemos que proteger y tener herramientas para trabajar y llegar a una situaci\u00f3n 0 de tr\u00e1fico de personas\u00bb, apostando por la visibilizaci\u00f3n de esta problem\u00e1tica social, \u00abtarea que podemos llevar a cabo gracias a jornadas como esta\u00bb.[\/vc_column_text][vc_column_text css_animation=\u00bbfadeIn\u00bb]Por su parte, Roc\u00edo L\u00f3pez ha remarcado que la prostituci\u00f3n \u00abes una estructura de explotaci\u00f3n y violencia estructural, principalmente, hacia las mujeres\u00bb ya que la mayor\u00eda de v\u00edctimas son mujeres y la mayor\u00eda de consumidores son hombres. \u00abLegitimar la prostituci\u00f3n y el proxenetismo supone un fortalecimiento del tr\u00e1fico de personas, por eso proponemos acciones por el cambio, generando un espacio para la reflexi\u00f3n conjunta y desmontar as\u00ed mitos, con el fin de avanzar hacia un mundo donde la abolici\u00f3n de la prostituci\u00f3n sea una realidad\u00bb.<\/p>\n<p>Por \u00faltimo, Tonyi Ferrer ha denunciado que la prostituci\u00f3n \u00abes una forma m\u00e1s de violencia de g\u00e9nero. La mayor\u00eda de personas que se dedican a la prostituci\u00f3n son mujeres y el 90 % de consumidores son hombres, y tenemos que trabajar entre los j\u00f3venes con campa\u00f1as de sensibilizaci\u00f3n e informaci\u00f3n, ya que cada vez se introduzcan en el mundo de la prostituci\u00f3n antes\u00bb .<\/p>\n<p>A lo largo de 2021, Metges del M\u00f3n Eivissa ha atendido 138 mujeres en ejercicio de la prostituci\u00f3n.[\/vc_column_text][\/vc_column][\/vc_row][vc_row type=\u00bbin_container\u00bb full_screen_row_position=\u00bbmiddle\u00bb column_margin=\u00bbdefault\u00bb column_direction=\u00bbdefault\u00bb column_direction_tablet=\u00bbdefault\u00bb column_direction_phone=\u00bbdefault\u00bb scene_position=\u00bbcenter\u00bb text_color=\u00bbdark\u00bb text_align=\u00bbleft\u00bb row_border_radius=\u00bbnone\u00bb row_border_radius_applies=\u00bbbg\u00bb overlay_strength=\u00bb0.3&#8243; gradient_direction=\u00bbleft_to_right\u00bb shape_divider_position=\u00bbbottom\u00bb bg_image_animation=\u00bbnone\u00bb][vc_column column_padding=\u00bbno-extra-padding\u00bb column_padding_tablet=\u00bbinherit\u00bb column_padding_phone=\u00bbinherit\u00bb column_padding_position=\u00bball\u00bb column_element_spacing=\u00bbdefault\u00bb background_color_opacity=\u00bb1&#8243; background_hover_color_opacity=\u00bb1&#8243; column_shadow=\u00bbnone\u00bb column_border_radius=\u00bbnone\u00bb column_link_target=\u00bb_self\u00bb gradient_direction=\u00bbleft_to_right\u00bb overlay_strength=\u00bb0.3&#8243; width=\u00bb1\/1&#8243; tablet_width_inherit=\u00bbdefault\u00bb tablet_text_alignment=\u00bbdefault\u00bb phone_text_alignment=\u00bbdefault\u00bb bg_image_animation=\u00bbnone\u00bb border_type=\u00bbsimple\u00bb column_border_width=\u00bbnone\u00bb column_border_style=\u00bbsolid\u00bb][vc_gallery type=\u00bbflickity_static_height_style\u00bb images=\u00bb1685,1681,1683&#8243; flickity_spacing=\u00bbdefault\u00bb flickity_controls=\u00bbpagination\u00bb flickity_overflow=\u00bbhidden\u00bb flickity_wrap_around=\u00bbwrap\u00bb flickity_box_shadow=\u00bbnone\u00bb image_loading=\u00bbdefault\u00bb onclick=\u00bblink_no\u00bb][\/vc_column][\/vc_row]\n","protected":false},"excerpt":{"rendered":"<p>[vc_row type=\u00bbin_container\u00bb full_screen_row_position=\u00bbmiddle\u00bb column_margin=\u00bbdefault\u00bb column_direction=\u00bbdefault\u00bb column_direction_tablet=\u00bbdefault\u00bb column_direction_phone=\u00bbdefault\u00bb scene_position=\u00bbcenter\u00bb text_color=\u00bbdark\u00bb text_align=\u00bbleft\u00bb row_border_radius=\u00bbnone\u00bb row_border_radius_applies=\u00bbbg\u00bb overlay_strength=\u00bb0.3&#8243; gradient_direction=\u00bbleft_to_right\u00bb shape_divider_position=\u00bbbottom\u00bb bg_image_animation=\u00bbnone\u00bb][vc_column column_padding=\u00bbno-extra-padding\u00bb column_padding_tablet=\u00bbinherit\u00bb column_padding_phone=\u00bbinherit\u00bb column_padding_position=\u00bball\u00bb column_element_spacing=\u00bbdefault\u00bb background_color_opacity=\u00bb1&#8243; background_hover_color_opacity=\u00bb1&#8243; column_shadow=\u00bbnone\u00bb column_border_radius=\u00bbnone\u00bb column_link_target=\u00bb_self\u00bb gradient_direction=\u00bbleft_to_right\u00bb overlay_strength=\u00bb0.3&#8243; width=\u00bb1\/1&#8243; tablet_width_inherit=\u00bbdefault\u00bb&#8230;<\/p>\n","protected":false},"author":4,"featured_media":1684,"comment_status":"closed","ping_status":"open","sticky":false,"template":"","format":"standard","meta":{"footnotes":""},"categories":[31],"tags":[],"class_list":{"0":"post-3141","1":"post","2":"type-post","3":"status-publish","4":"format-standard","5":"has-post-thumbnail","7":"category-igualdad"},"yoast_head":"<!-- This site is optimized with the Yoast SEO plugin v18.4.1 - https:\/\/yoast.com\/wordpress\/plugins\/seo\/ -->\n<title>Las V jornadas sobre prostituci\u00f3n se centran en los proyectos y las pr\u00e1cticas hacia su abolici\u00f3n - IDIS. Igualdad, Diversidad, Inclusi\u00f3n y Salud<\/title>\n<meta name=\"robots\" content=\"index, follow, max-snippet:-1, max-image-preview:large, max-video-preview:-1\" \/>\n<link rel=\"canonical\" href=\"https:\/\/idis.conselldeivissa.es\/es\/igualdad\/las-v-jornadas-sobre-prostitucion-se-centran-en-los-proyectos-y-practicas-hacia-su-abolicion\/\" \/>\n<meta property=\"og:locale\" content=\"es_ES\" \/>\n<meta property=\"og:type\" content=\"article\" \/>\n<meta property=\"og:title\" content=\"Las V jornadas sobre prostituci\u00f3n se centran en los proyectos y las pr\u00e1cticas hacia su abolici\u00f3n - IDIS. Igualdad, Diversidad, Inclusi\u00f3n y Salud\" \/>\n<meta property=\"og:description\" content=\"[vc_row type=\u00bbin_container\u00bb full_screen_row_position=\u00bbmiddle\u00bb column_margin=\u00bbdefault\u00bb column_direction=\u00bbdefault\u00bb column_direction_tablet=\u00bbdefault\u00bb column_direction_phone=\u00bbdefault\u00bb scene_position=\u00bbcenter\u00bb text_color=\u00bbdark\u00bb text_align=\u00bbleft\u00bb row_border_radius=\u00bbnone\u00bb row_border_radius_applies=\u00bbbg\u00bb overlay_strength=\u00bb0.3&#8243; gradient_direction=\u00bbleft_to_right\u00bb shape_divider_position=\u00bbbottom\u00bb bg_image_animation=\u00bbnone\u00bb][vc_column column_padding=\u00bbno-extra-padding\u00bb column_padding_tablet=\u00bbinherit\u00bb column_padding_phone=\u00bbinherit\u00bb column_padding_position=\u00bball\u00bb column_element_spacing=\u00bbdefault\u00bb background_color_opacity=\u00bb1&#8243; background_hover_color_opacity=\u00bb1&#8243; column_shadow=\u00bbnone\u00bb column_border_radius=\u00bbnone\u00bb column_link_target=\u00bb_self\u00bb gradient_direction=\u00bbleft_to_right\u00bb overlay_strength=\u00bb0.3&#8243; width=\u00bb1\/1&#8243; tablet_width_inherit=\u00bbdefault\u00bb...\" \/>\n<meta property=\"og:url\" content=\"https:\/\/idis.conselldeivissa.es\/es\/igualdad\/las-v-jornadas-sobre-prostitucion-se-centran-en-los-proyectos-y-practicas-hacia-su-abolicion\/\" \/>\n<meta property=\"og:site_name\" content=\"IDIS. Igualdad, Diversidad, Inclusi\u00f3n y Salud\" \/>\n<meta property=\"article:published_time\" content=\"2021-09-13T12:43:43+00:00\" \/>\n<meta property=\"article:modified_time\" content=\"2025-10-02T09:18:13+00:00\" \/>\n<meta property=\"og:image\" content=\"https:\/\/idis.conselldeivissa.es\/wp-content\/uploads\/2021\/11\/2-foto.jpg\" \/>\n\t<meta property=\"og:image:width\" content=\"900\" \/>\n\t<meta property=\"og:image:height\" content=\"600\" \/>\n\t<meta property=\"og:image:type\" content=\"image\/jpeg\" \/>\n<meta name=\"twitter:card\" content=\"summary_large_image\" \/>\n<meta name=\"twitter:label1\" content=\"Escrito por\" \/>\n\t<meta name=\"twitter:data1\" content=\"Lina Maciezaite\" \/>\n\t<meta name=\"twitter:label2\" content=\"Tiempo de lectura\" \/>\n\t<meta name=\"twitter:data2\" content=\"3 minutos\" \/>\n<script type=\"application\/ld+json\" class=\"yoast-schema-graph\">{\"@context\":\"https:\/\/schema.org\",\"@graph\":[{\"@type\":\"WebSite\",\"@id\":\"https:\/\/idis.conselldeivissa.es\/#website\",\"url\":\"https:\/\/idis.conselldeivissa.es\/\",\"name\":\"IDIS. Igualdad, Diversidad, Inclusi\u00f3n y Salud\",\"description\":\"Consell Insular d&#039;Eivissa\",\"potentialAction\":[{\"@type\":\"SearchAction\",\"target\":{\"@type\":\"EntryPoint\",\"urlTemplate\":\"https:\/\/idis.conselldeivissa.es\/?s={search_term_string}\"},\"query-input\":\"required name=search_term_string\"}],\"inLanguage\":\"es\"},{\"@type\":\"ImageObject\",\"@id\":\"https:\/\/idis.conselldeivissa.es\/es\/igualdad\/las-v-jornadas-sobre-prostitucion-se-centran-en-los-proyectos-y-practicas-hacia-su-abolicion\/#primaryimage\",\"inLanguage\":\"es\",\"url\":\"https:\/\/idis.conselldeivissa.es\/wp-content\/uploads\/2021\/11\/2-foto.jpg\",\"contentUrl\":\"https:\/\/idis.conselldeivissa.es\/wp-content\/uploads\/2021\/11\/2-foto.jpg\",\"width\":900,\"height\":600,\"caption\":\"V Jornades sobre Prostituci\u00f3\"},{\"@type\":\"WebPage\",\"@id\":\"https:\/\/idis.conselldeivissa.es\/es\/igualdad\/las-v-jornadas-sobre-prostitucion-se-centran-en-los-proyectos-y-practicas-hacia-su-abolicion\/#webpage\",\"url\":\"https:\/\/idis.conselldeivissa.es\/es\/igualdad\/las-v-jornadas-sobre-prostitucion-se-centran-en-los-proyectos-y-practicas-hacia-su-abolicion\/\",\"name\":\"Las V jornadas sobre prostituci\u00f3n se centran en los proyectos y las pr\u00e1cticas hacia su abolici\u00f3n - IDIS. Igualdad, Diversidad, Inclusi\u00f3n y Salud\",\"isPartOf\":{\"@id\":\"https:\/\/idis.conselldeivissa.es\/#website\"},\"primaryImageOfPage\":{\"@id\":\"https:\/\/idis.conselldeivissa.es\/es\/igualdad\/las-v-jornadas-sobre-prostitucion-se-centran-en-los-proyectos-y-practicas-hacia-su-abolicion\/#primaryimage\"},\"datePublished\":\"2021-09-13T12:43:43+00:00\",\"dateModified\":\"2025-10-02T09:18:13+00:00\",\"author\":{\"@id\":\"https:\/\/idis.conselldeivissa.es\/#\/schema\/person\/d16c448b992ce2d593d45facc3f843f5\"},\"breadcrumb\":{\"@id\":\"https:\/\/idis.conselldeivissa.es\/es\/igualdad\/las-v-jornadas-sobre-prostitucion-se-centran-en-los-proyectos-y-practicas-hacia-su-abolicion\/#breadcrumb\"},\"inLanguage\":\"es\",\"potentialAction\":[{\"@type\":\"ReadAction\",\"target\":[\"https:\/\/idis.conselldeivissa.es\/es\/igualdad\/las-v-jornadas-sobre-prostitucion-se-centran-en-los-proyectos-y-practicas-hacia-su-abolicion\/\"]}]},{\"@type\":\"BreadcrumbList\",\"@id\":\"https:\/\/idis.conselldeivissa.es\/es\/igualdad\/las-v-jornadas-sobre-prostitucion-se-centran-en-los-proyectos-y-practicas-hacia-su-abolicion\/#breadcrumb\",\"itemListElement\":[{\"@type\":\"ListItem\",\"position\":1,\"name\":\"Inici\",\"item\":\"https:\/\/idis.conselldeivissa.es\/es\/\"},{\"@type\":\"ListItem\",\"position\":2,\"name\":\"Las V jornadas sobre prostituci\u00f3n se centran en los proyectos y las pr\u00e1cticas hacia su abolici\u00f3n\"}]},{\"@type\":\"Person\",\"@id\":\"https:\/\/idis.conselldeivissa.es\/#\/schema\/person\/d16c448b992ce2d593d45facc3f843f5\",\"name\":\"Lina Maciezaite\",\"image\":{\"@type\":\"ImageObject\",\"@id\":\"https:\/\/idis.conselldeivissa.es\/#personlogo\",\"inLanguage\":\"es\",\"url\":\"https:\/\/secure.gravatar.com\/avatar\/d39b5599926c63a1326b8bf3173f006d43817057d7bbbd00a7074d5c0fd06690?s=96&d=mm&r=g\",\"contentUrl\":\"https:\/\/secure.gravatar.com\/avatar\/d39b5599926c63a1326b8bf3173f006d43817057d7bbbd00a7074d5c0fd06690?s=96&d=mm&r=g\",\"caption\":\"Lina Maciezaite\"},\"url\":\"https:\/\/idis.conselldeivissa.es\/es\/author\/lina\/\"}]}<\/script>\n<!-- \/ Yoast SEO plugin. -->","yoast_head_json":{"title":"Las V jornadas sobre prostituci\u00f3n se centran en los proyectos y las pr\u00e1cticas hacia su abolici\u00f3n - IDIS. Igualdad, Diversidad, Inclusi\u00f3n y Salud","robots":{"index":"index","follow":"follow","max-snippet":"max-snippet:-1","max-image-preview":"max-image-preview:large","max-video-preview":"max-video-preview:-1"},"canonical":"https:\/\/idis.conselldeivissa.es\/es\/igualdad\/las-v-jornadas-sobre-prostitucion-se-centran-en-los-proyectos-y-practicas-hacia-su-abolicion\/","og_locale":"es_ES","og_type":"article","og_title":"Las V jornadas sobre prostituci\u00f3n se centran en los proyectos y las pr\u00e1cticas hacia su abolici\u00f3n - IDIS. Igualdad, Diversidad, Inclusi\u00f3n y Salud","og_description":"[vc_row type=\u00bbin_container\u00bb full_screen_row_position=\u00bbmiddle\u00bb column_margin=\u00bbdefault\u00bb column_direction=\u00bbdefault\u00bb column_direction_tablet=\u00bbdefault\u00bb column_direction_phone=\u00bbdefault\u00bb scene_position=\u00bbcenter\u00bb text_color=\u00bbdark\u00bb text_align=\u00bbleft\u00bb row_border_radius=\u00bbnone\u00bb row_border_radius_applies=\u00bbbg\u00bb overlay_strength=\u00bb0.3&#8243; gradient_direction=\u00bbleft_to_right\u00bb shape_divider_position=\u00bbbottom\u00bb bg_image_animation=\u00bbnone\u00bb][vc_column column_padding=\u00bbno-extra-padding\u00bb column_padding_tablet=\u00bbinherit\u00bb column_padding_phone=\u00bbinherit\u00bb column_padding_position=\u00bball\u00bb column_element_spacing=\u00bbdefault\u00bb background_color_opacity=\u00bb1&#8243; background_hover_color_opacity=\u00bb1&#8243; column_shadow=\u00bbnone\u00bb column_border_radius=\u00bbnone\u00bb column_link_target=\u00bb_self\u00bb gradient_direction=\u00bbleft_to_right\u00bb overlay_strength=\u00bb0.3&#8243; width=\u00bb1\/1&#8243; tablet_width_inherit=\u00bbdefault\u00bb...","og_url":"https:\/\/idis.conselldeivissa.es\/es\/igualdad\/las-v-jornadas-sobre-prostitucion-se-centran-en-los-proyectos-y-practicas-hacia-su-abolicion\/","og_site_name":"IDIS. Igualdad, Diversidad, Inclusi\u00f3n y Salud","article_published_time":"2021-09-13T12:43:43+00:00","article_modified_time":"2025-10-02T09:18:13+00:00","og_image":[{"width":900,"height":600,"url":"https:\/\/idis.conselldeivissa.es\/wp-content\/uploads\/2021\/11\/2-foto.jpg","type":"image\/jpeg"}],"twitter_card":"summary_large_image","twitter_misc":{"Escrito por":"Lina Maciezaite","Tiempo de lectura":"3 minutos"},"schema":{"@context":"https:\/\/schema.org","@graph":[{"@type":"WebSite","@id":"https:\/\/idis.conselldeivissa.es\/#website","url":"https:\/\/idis.conselldeivissa.es\/","name":"IDIS. Igualdad, Diversidad, Inclusi\u00f3n y Salud","description":"Consell Insular d&#039;Eivissa","potentialAction":[{"@type":"SearchAction","target":{"@type":"EntryPoint","urlTemplate":"https:\/\/idis.conselldeivissa.es\/?s={search_term_string}"},"query-input":"required name=search_term_string"}],"inLanguage":"es"},{"@type":"ImageObject","@id":"https:\/\/idis.conselldeivissa.es\/es\/igualdad\/las-v-jornadas-sobre-prostitucion-se-centran-en-los-proyectos-y-practicas-hacia-su-abolicion\/#primaryimage","inLanguage":"es","url":"https:\/\/idis.conselldeivissa.es\/wp-content\/uploads\/2021\/11\/2-foto.jpg","contentUrl":"https:\/\/idis.conselldeivissa.es\/wp-content\/uploads\/2021\/11\/2-foto.jpg","width":900,"height":600,"caption":"V Jornades sobre Prostituci\u00f3"},{"@type":"WebPage","@id":"https:\/\/idis.conselldeivissa.es\/es\/igualdad\/las-v-jornadas-sobre-prostitucion-se-centran-en-los-proyectos-y-practicas-hacia-su-abolicion\/#webpage","url":"https:\/\/idis.conselldeivissa.es\/es\/igualdad\/las-v-jornadas-sobre-prostitucion-se-centran-en-los-proyectos-y-practicas-hacia-su-abolicion\/","name":"Las V jornadas sobre prostituci\u00f3n se centran en los proyectos y las pr\u00e1cticas hacia su abolici\u00f3n - IDIS. Igualdad, Diversidad, Inclusi\u00f3n y Salud","isPartOf":{"@id":"https:\/\/idis.conselldeivissa.es\/#website"},"primaryImageOfPage":{"@id":"https:\/\/idis.conselldeivissa.es\/es\/igualdad\/las-v-jornadas-sobre-prostitucion-se-centran-en-los-proyectos-y-practicas-hacia-su-abolicion\/#primaryimage"},"datePublished":"2021-09-13T12:43:43+00:00","dateModified":"2025-10-02T09:18:13+00:00","author":{"@id":"https:\/\/idis.conselldeivissa.es\/#\/schema\/person\/d16c448b992ce2d593d45facc3f843f5"},"breadcrumb":{"@id":"https:\/\/idis.conselldeivissa.es\/es\/igualdad\/las-v-jornadas-sobre-prostitucion-se-centran-en-los-proyectos-y-practicas-hacia-su-abolicion\/#breadcrumb"},"inLanguage":"es","potentialAction":[{"@type":"ReadAction","target":["https:\/\/idis.conselldeivissa.es\/es\/igualdad\/las-v-jornadas-sobre-prostitucion-se-centran-en-los-proyectos-y-practicas-hacia-su-abolicion\/"]}]},{"@type":"BreadcrumbList","@id":"https:\/\/idis.conselldeivissa.es\/es\/igualdad\/las-v-jornadas-sobre-prostitucion-se-centran-en-los-proyectos-y-practicas-hacia-su-abolicion\/#breadcrumb","itemListElement":[{"@type":"ListItem","position":1,"name":"Inici","item":"https:\/\/idis.conselldeivissa.es\/es\/"},{"@type":"ListItem","position":2,"name":"Las V jornadas sobre prostituci\u00f3n se centran en los proyectos y las pr\u00e1cticas hacia su abolici\u00f3n"}]},{"@type":"Person","@id":"https:\/\/idis.conselldeivissa.es\/#\/schema\/person\/d16c448b992ce2d593d45facc3f843f5","name":"Lina Maciezaite","image":{"@type":"ImageObject","@id":"https:\/\/idis.conselldeivissa.es\/#personlogo","inLanguage":"es","url":"https:\/\/secure.gravatar.com\/avatar\/d39b5599926c63a1326b8bf3173f006d43817057d7bbbd00a7074d5c0fd06690?s=96&d=mm&r=g","contentUrl":"https:\/\/secure.gravatar.com\/avatar\/d39b5599926c63a1326b8bf3173f006d43817057d7bbbd00a7074d5c0fd06690?s=96&d=mm&r=g","caption":"Lina Maciezaite"},"url":"https:\/\/idis.conselldeivissa.es\/es\/author\/lina\/"}]}},"acf":[],"_links":{"self":[{"href":"https:\/\/idis.conselldeivissa.es\/es\/wp-json\/wp\/v2\/posts\/3141","targetHints":{"allow":["GET"]}}],"collection":[{"href":"https:\/\/idis.conselldeivissa.es\/es\/wp-json\/wp\/v2\/posts"}],"about":[{"href":"https:\/\/idis.conselldeivissa.es\/es\/wp-json\/wp\/v2\/types\/post"}],"author":[{"embeddable":true,"href":"https:\/\/idis.conselldeivissa.es\/es\/wp-json\/wp\/v2\/users\/4"}],"replies":[{"embeddable":true,"href":"https:\/\/idis.conselldeivissa.es\/es\/wp-json\/wp\/v2\/comments?post=3141"}],"version-history":[{"count":6,"href":"https:\/\/idis.conselldeivissa.es\/es\/wp-json\/wp\/v2\/posts\/3141\/revisions"}],"predecessor-version":[{"id":4709,"href":"https:\/\/idis.conselldeivissa.es\/es\/wp-json\/wp\/v2\/posts\/3141\/revisions\/4709"}],"wp:featuredmedia":[{"embeddable":true,"href":"https:\/\/idis.conselldeivissa.es\/es\/wp-json\/wp\/v2\/media\/1684"}],"wp:attachment":[{"href":"https:\/\/idis.conselldeivissa.es\/es\/wp-json\/wp\/v2\/media?parent=3141"}],"wp:term":[{"taxonomy":"category","embeddable":true,"href":"https:\/\/idis.conselldeivissa.es\/es\/wp-json\/wp\/v2\/categories?post=3141"},{"taxonomy":"post_tag","embeddable":true,"href":"https:\/\/idis.conselldeivissa.es\/es\/wp-json\/wp\/v2\/tags?post=3141"}],"curies":[{"name":"wp","href":"https:\/\/api.w.org\/{rel}","templated":true}]}}